{"id":3116,"date":"2021-06-15T18:44:04","date_gmt":"2021-06-15T17:44:04","guid":{"rendered":"https:\/\/mimieboutique.com\/?p=3116"},"modified":"2025-11-24T14:58:15","modified_gmt":"2025-11-24T13:58:15","slug":"la-coulee-verte-a-velo","status":"publish","type":"post","link":"https:\/\/mimieboutique.com\/index.php\/2021\/06\/15\/la-coulee-verte-a-velo\/","title":{"rendered":"La Coul\u00e9e Verte \u00e0 v\u00e9lo"},"content":{"rendered":"<p style=\"text-align: center;\">Bonjour chers cyclistes! Aujourd&rsquo;hui je vous invite \u00e0 d\u00e9couvrir La Coul\u00e9e Verte ou promenade des Vallons de la Bi\u00e8vre \u00e0 v\u00e9lo en plusieurs \u00e9tapes de Paris \u00e0 Massy. Cette voie verte est facilement accessible aux parisiens et permet de d\u00e9couvrir \u00e0 quel point le sud du 92 est beau. Elle est partag\u00e9e avec des pi\u00e9tons et seules quelques portions traversent bri\u00e8vement des routes avec des feux de circulation. Elle est donc tr\u00e8s s\u00e9curis\u00e9e et il est agr\u00e9able de ne pas \u00eatre sur la route avec des voitures. La Coul\u00e9e Verte est en fait le d\u00e9part de <a href=\"https:\/\/www.veloscenie.com\/\">la V\u00e9losc\u00e9nie<\/a>, permettant de rejoindre le Mont Saint-Michel \u00e0 v\u00e9lo en 450km! Mais nous nous int\u00e9resserons ici au tron\u00e7on allant de Paris \u00e0 Massy faisant 15km aller simple&#8230;Avec plusieurs options pour le retour&#8230;C&rsquo;est parti!<\/p>\n<h2>Etape 1 : D\u00e9part de Paris \u00e0 Fontenay-aux-Roses<\/h2>\n<p>Le d\u00e9part de la Coul\u00e9e Verte s&rsquo;effectue de Paris. Sur le site <a href=\"https:\/\/www.francevelotourisme.com\/itineraire\/la-veloscenie\/paris-massy\">francev\u00e9lotourisme<\/a>, on peut voir et t\u00e9l\u00e9charger l&rsquo;itin\u00e9raire propos\u00e9 allant du centre de Paris en orange puis en vert depuis la place de Catalogne. Ce dernier point de d\u00e9part est int\u00e9ressant car c&rsquo;est \u00e0 partir de l\u00e0 que l&rsquo;endroit est repr\u00e9sentatif d&rsquo;une Coul\u00e9e Verte bien \u00e0 l&rsquo;\u00e9cart de la route.<\/p>\n<p>Nous commen\u00e7ons donc par rejoindre ce que j&rsquo;appelle l&rsquo;autoroute des v\u00e9los car c&rsquo;est une voie o\u00f9 l&rsquo;on a envie enthousiaste, d&rsquo;acc\u00e9l\u00e9rer \u00e9tant s\u00e9par\u00e9 des voitures et dans un endroit \u00e0 la fois urbain et vert. On voit sur ce point de d\u00e9part un panneau indiquant le Mont Saint-Michel qui nous fait r\u00eaver \u00e0 des exp\u00e9ditions lointaines.<\/p>\n<p>Nous commen\u00e7ons par longer les rails des trains partant de Montparnasse. Ils rejoignent d&rsquo;ailleurs plus bas, la gare TGV de Massy-Palaiseau. Puis nous\u00a0 quittons Paris Porte de Vanves et rejoignons Malakoff (92). Cette ancienne ville communiste aujourd&rsquo;hui bobo, garde son \u00e2me avec l&rsquo;architecture de ses maisons ouvri\u00e8res r\u00e9cemment anoblies. En arrivant \u00e0 Ch\u00e2tillon-Montrouge, le croisement entre la ligne 13 de m\u00e9tro et le tram 6, on traverse des immeubles rappelant un peu la configuration de <a href=\"https:\/\/www.paris.fr\/pages\/de-bastille-a-vincennes-par-la-coulee-verte-4932\">la Promenade Plant\u00e9e<\/a> \u00e0 Paris. Le d\u00e9cor est encore urbain jusqu&rsquo;\u00e0 Fontenay-aux-Roses o\u00f9 peu \u00e0 peu il va changer.<\/p>\n<figure id=\"attachment_3141\" aria-describedby=\"caption-attachment-3141\" style=\"width: 760px\" class=\"wp-caption aligncenter\"><img loading=\"lazy\" decoding=\"async\" class=\"wp-image-3141 \" src=\"https:\/\/mimieboutique.com\/wp-content\/uploads\/2021\/06\/Capture-decran-2021-06-15-134638.png\" alt=\"Itin\u00e9raire de Paris \u00e0 Massy sur la Coul\u00e9e Verte\" width=\"760\" height=\"744\" srcset=\"https:\/\/mimieboutique.com\/wp-content\/uploads\/2021\/06\/Capture-decran-2021-06-15-134638.png 1000w, https:\/\/mimieboutique.com\/wp-content\/uploads\/2021\/06\/Capture-decran-2021-06-15-134638-300x294.png 300w, https:\/\/mimieboutique.com\/wp-content\/uploads\/2021\/06\/Capture-decran-2021-06-15-134638-768x752.png 768w\" sizes=\"auto, (max-width: 760px) 100vw, 760px\" \/><figcaption id=\"caption-attachment-3141\" class=\"wp-caption-text\">Itin\u00e9raire de Paris \u00e0 Massy sur la Coul\u00e9e Verte (<a href=\"https:\/\/www.francevelotourisme.com\/itineraire\/la-veloscenie\/paris-massy\">francevelotourisme<\/a>)<\/figcaption><\/figure>\n<h2>Etape 2 : Fontenay-aux-Roses au Parc de Sceaux<\/h2>\n<p>La fronti\u00e8re entre la premi\u00e8re \u00e9tape urbaine et le d\u00e9but de la partie plus verte est la rue Georges Bailly qui passe au-dessus des rails de trains. A partir de l\u00e0, on observe la Coul\u00e9e Verte authentique du 92. Toutes les banlieues travers\u00e9es sont agr\u00e9ables et bourgeoises. Elles sont emplies de s\u00e9r\u00e9nit\u00e9, familiales, vertes, invitant \u00e0 la d\u00e9tente et au sport. La coul\u00e9e Verte est bord\u00e9e d&rsquo;espaces verts, de parcs et de fleurs, surtout de roses, notamment \u00e0 Fontenay-aux-Roses qui porte bien son nom.<\/p>\n<p>Le vrai visage de la Coul\u00e9e verte, c&rsquo;est aussi son c\u00f4t\u00e9 vallonn\u00e9. Elle ne cesse d&rsquo;offrir des mont\u00e9es et descentes. Parfois, on se croirait sur un programme de machine dans une salle de sport avec des pics. Mais finalement, ce n&rsquo;est pas insurmontable et c&rsquo;est \u00e7a le vrai sport. La premi\u00e8re grande descente se fait apr\u00e8s la rue Boucicaut. Puis, une l\u00e9g\u00e8re mont\u00e9e nous offre une belle vue sur la coquette gare de Fontenay-aux-Roses, ressemblant \u00e0 une maison.<\/p>\n<figure id=\"attachment_3139\" aria-describedby=\"caption-attachment-3139\" style=\"width: 768px\" class=\"wp-caption aligncenter\"><img loading=\"lazy\" decoding=\"async\" class=\"wp-image-3139 size-large\" title=\"Ponton passant au-dessus du RER de Fontenay-aux-Roses\" src=\"https:\/\/mimieboutique.com\/wp-content\/uploads\/2021\/06\/20190705_162501-768x1024.jpg\" alt=\"Ponton passant au-dessus du RER de Fontenay-aux-Roses\" width=\"768\" height=\"1024\" srcset=\"https:\/\/mimieboutique.com\/wp-content\/uploads\/2021\/06\/20190705_162501-768x1024.jpg 768w, https:\/\/mimieboutique.com\/wp-content\/uploads\/2021\/06\/20190705_162501-225x300.jpg 225w, https:\/\/mimieboutique.com\/wp-content\/uploads\/2021\/06\/20190705_162501-1152x1536.jpg 1152w, https:\/\/mimieboutique.com\/wp-content\/uploads\/2021\/06\/20190705_162501-1536x2048.jpg 1536w, https:\/\/mimieboutique.com\/wp-content\/uploads\/2021\/06\/20190705_162501-scaled.jpg 1920w\" sizes=\"auto, (max-width: 768px) 100vw, 768px\" \/><figcaption id=\"caption-attachment-3139\" class=\"wp-caption-text\">Pont passant au-dessus du RER de Fontenay-aux-Roses<\/figcaption><\/figure>\n<p>&nbsp;<\/p>\n<figure id=\"attachment_3136\" aria-describedby=\"caption-attachment-3136\" style=\"width: 780px\" class=\"wp-caption aligncenter\"><img loading=\"lazy\" decoding=\"async\" class=\"wp-image-3136 size-large\" src=\"https:\/\/mimieboutique.com\/wp-content\/uploads\/2021\/06\/20190705_162954-1024x768.jpg\" alt=\"Gare de Fontenay-aux-Roses\" width=\"780\" height=\"585\" srcset=\"https:\/\/mimieboutique.com\/wp-content\/uploads\/2021\/06\/20190705_162954-1024x768.jpg 1024w, https:\/\/mimieboutique.com\/wp-content\/uploads\/2021\/06\/20190705_162954-300x225.jpg 300w, https:\/\/mimieboutique.com\/wp-content\/uploads\/2021\/06\/20190705_162954-768x576.jpg 768w, https:\/\/mimieboutique.com\/wp-content\/uploads\/2021\/06\/20190705_162954-1536x1152.jpg 1536w, https:\/\/mimieboutique.com\/wp-content\/uploads\/2021\/06\/20190705_162954-2048x1536.jpg 2048w\" sizes=\"auto, (max-width: 780px) 100vw, 780px\" \/><figcaption id=\"caption-attachment-3136\" class=\"wp-caption-text\">Gare de Fontenay-aux-Roses<\/figcaption><\/figure>\n<p>Apr\u00e8s l&rsquo;avenue Paul Langevin, commencent les hostilit\u00e9s. Un endroit tr\u00e8s beau sous les arbres, mais une longue mont\u00e9e. Il faut descendre les vitesses et monter tranquillement. Pour oublier l&rsquo;effort, tourner la t\u00eate \u00e0 droite au d\u00e9but de la pente pour voir le potager partag\u00e9. Puis regarder les r\u00e9sidences et imaginer la vue au quotidien sur la nature et sur les cyclistes qui soufflent!<\/p>\n<p>R\u00e9compense, en arrivant en haut de cette pente, une belle descente, qui nous emm\u00e8nera tout droit vers le Parc de Sceaux!<\/p>\n<figure id=\"attachment_3132\" aria-describedby=\"caption-attachment-3132\" style=\"width: 780px\" class=\"wp-caption aligncenter\"><img loading=\"lazy\" decoding=\"async\" class=\"size-large wp-image-3132\" src=\"https:\/\/mimieboutique.com\/wp-content\/uploads\/2021\/06\/20210313_132302-1024x677.jpg\" alt=\"La Coul\u00e9e Verte au printemps\" width=\"780\" height=\"516\" srcset=\"https:\/\/mimieboutique.com\/wp-content\/uploads\/2021\/06\/20210313_132302-1024x677.jpg 1024w, https:\/\/mimieboutique.com\/wp-content\/uploads\/2021\/06\/20210313_132302-300x198.jpg 300w, https:\/\/mimieboutique.com\/wp-content\/uploads\/2021\/06\/20210313_132302-768x508.jpg 768w, https:\/\/mimieboutique.com\/wp-content\/uploads\/2021\/06\/20210313_132302-1536x1016.jpg 1536w, https:\/\/mimieboutique.com\/wp-content\/uploads\/2021\/06\/20210313_132302-2048x1354.jpg 2048w\" sizes=\"auto, (max-width: 780px) 100vw, 780px\" \/><figcaption id=\"caption-attachment-3132\" class=\"wp-caption-text\">La Coul\u00e9e Verte au printemps<\/figcaption><\/figure>\n<h2>Etape 3 : Du Parc de Sceaux \u00e0 Antony<\/h2>\n<p>Le Parc de Sceaux se pr\u00e9sente \u00e0 nous majestueusement depuis la Coul\u00e9e Verte. On peut admirer son Ch\u00e2teau et s&rsquo;installer sur une des tables de pique-nique qui lui font face.\u00a0Il est \u00e9galement possible de traverser un peu plus loin la rue, afin de s&rsquo;y rendre le temps d&rsquo;une balade \u00e0 v\u00e9lo.<\/p>\n<figure id=\"attachment_3135\" aria-describedby=\"caption-attachment-3135\" style=\"width: 780px\" class=\"wp-caption aligncenter\"><img loading=\"lazy\" decoding=\"async\" class=\"size-large wp-image-3135\" src=\"https:\/\/mimieboutique.com\/wp-content\/uploads\/2021\/06\/20190705_155037-1024x768.jpg\" alt=\"Le Ch\u00e2teau du parc de Sceaux\" width=\"780\" height=\"585\" srcset=\"https:\/\/mimieboutique.com\/wp-content\/uploads\/2021\/06\/20190705_155037-1024x768.jpg 1024w, https:\/\/mimieboutique.com\/wp-content\/uploads\/2021\/06\/20190705_155037-300x225.jpg 300w, https:\/\/mimieboutique.com\/wp-content\/uploads\/2021\/06\/20190705_155037-768x576.jpg 768w, https:\/\/mimieboutique.com\/wp-content\/uploads\/2021\/06\/20190705_155037-1536x1152.jpg 1536w, https:\/\/mimieboutique.com\/wp-content\/uploads\/2021\/06\/20190705_155037-2048x1536.jpg 2048w\" sizes=\"auto, (max-width: 780px) 100vw, 780px\" \/><figcaption id=\"caption-attachment-3135\" class=\"wp-caption-text\">Le Ch\u00e2teau du parc de Sceaux<\/figcaption><\/figure>\n<p>En effet, il est permis d&rsquo;y circuler \u00e0 v\u00e9lo et l&rsquo;endroit est tr\u00e8s agr\u00e9able. Particuli\u00e8rement lors de la floraison des cerisiers du Bosquet Nord.<\/p>\n<p><img loading=\"lazy\" decoding=\"async\" class=\"aligncenter size-large wp-image-3133\" src=\"https:\/\/mimieboutique.com\/wp-content\/uploads\/2021\/06\/20210417_163253-1-1024x1003.jpg\" alt=\"\" width=\"780\" height=\"764\" srcset=\"https:\/\/mimieboutique.com\/wp-content\/uploads\/2021\/06\/20210417_163253-1-1024x1003.jpg 1024w, https:\/\/mimieboutique.com\/wp-content\/uploads\/2021\/06\/20210417_163253-1-300x294.jpg 300w, https:\/\/mimieboutique.com\/wp-content\/uploads\/2021\/06\/20210417_163253-1-768x752.jpg 768w, https:\/\/mimieboutique.com\/wp-content\/uploads\/2021\/06\/20210417_163253-1-1536x1504.jpg 1536w, https:\/\/mimieboutique.com\/wp-content\/uploads\/2021\/06\/20210417_163253-1-2048x2006.jpg 2048w\" sizes=\"auto, (max-width: 780px) 100vw, 780px\" \/><\/p>\n<figure id=\"attachment_3134\" aria-describedby=\"caption-attachment-3134\" style=\"width: 780px\" class=\"wp-caption aligncenter\"><img loading=\"lazy\" decoding=\"async\" class=\"size-large wp-image-3134\" src=\"https:\/\/mimieboutique.com\/wp-content\/uploads\/2021\/06\/20210415_185703-1-1024x768.jpg\" alt=\"Les cerisiers en fleurs du parc de Sceaux\" width=\"780\" height=\"585\" srcset=\"https:\/\/mimieboutique.com\/wp-content\/uploads\/2021\/06\/20210415_185703-1-1024x768.jpg 1024w, https:\/\/mimieboutique.com\/wp-content\/uploads\/2021\/06\/20210415_185703-1-300x225.jpg 300w, https:\/\/mimieboutique.com\/wp-content\/uploads\/2021\/06\/20210415_185703-1-768x576.jpg 768w, https:\/\/mimieboutique.com\/wp-content\/uploads\/2021\/06\/20210415_185703-1-1536x1152.jpg 1536w, https:\/\/mimieboutique.com\/wp-content\/uploads\/2021\/06\/20210415_185703-1-2048x1536.jpg 2048w\" sizes=\"auto, (max-width: 780px) 100vw, 780px\" \/><figcaption id=\"caption-attachment-3134\" class=\"wp-caption-text\">Les cerisiers en fleurs du parc de Sceaux<\/figcaption><\/figure>\n<p>En \u00e9t\u00e9, il sera bon de s&rsquo;y r\u00e9fugier pour se rafraichir au bord du Grand Canal, \u00e0 l&rsquo;ombre d&rsquo;un arbre. Pour les aventuriers, il y a des petits sentiers partout dans le parc qui offrent des sensations int\u00e9ressantes \u00e0 v\u00e9lo. D\u00e9paysement garanti \u00e0 quelques kilom\u00e8tres de Paris!<\/p>\n<figure id=\"attachment_3138\" aria-describedby=\"caption-attachment-3138\" style=\"width: 780px\" class=\"wp-caption aligncenter\"><img loading=\"lazy\" decoding=\"async\" class=\"wp-image-3138 size-large\" title=\"Le Grand Canal du Parc de Sceaux\" src=\"https:\/\/mimieboutique.com\/wp-content\/uploads\/2021\/06\/20190705_151902-1024x768.jpg\" alt=\"Le Grand Canal du Parc de Sceaux\" width=\"780\" height=\"585\" srcset=\"https:\/\/mimieboutique.com\/wp-content\/uploads\/2021\/06\/20190705_151902-1024x768.jpg 1024w, https:\/\/mimieboutique.com\/wp-content\/uploads\/2021\/06\/20190705_151902-300x225.jpg 300w, https:\/\/mimieboutique.com\/wp-content\/uploads\/2021\/06\/20190705_151902-768x576.jpg 768w, https:\/\/mimieboutique.com\/wp-content\/uploads\/2021\/06\/20190705_151902-1536x1152.jpg 1536w, https:\/\/mimieboutique.com\/wp-content\/uploads\/2021\/06\/20190705_151902-2048x1536.jpg 2048w\" sizes=\"auto, (max-width: 780px) 100vw, 780px\" \/><figcaption id=\"caption-attachment-3138\" class=\"wp-caption-text\">Le Grand Canal du Parc de Sceaux<\/figcaption><\/figure>\n<p>Bient\u00f4t, nous retrouverons le c\u00f4t\u00e9 vallonn\u00e9 de la Coul\u00e9e verte avec d&rsquo;abord une descente, puis une mont\u00e9e au bout de laquelle se trouveront un terrain de boules et le Parc des Alisiers.<\/p>\n<figure id=\"attachment_3131\" aria-describedby=\"caption-attachment-3131\" style=\"width: 780px\" class=\"wp-caption aligncenter\"><img loading=\"lazy\" decoding=\"async\" class=\"wp-image-3131 size-large\" title=\"Aux abords du parc des Alisiers\" src=\"https:\/\/mimieboutique.com\/wp-content\/uploads\/2021\/06\/20210614_171511-1024x768.jpg\" alt=\"Aux abords du parc des Alisiers\" width=\"780\" height=\"585\" srcset=\"https:\/\/mimieboutique.com\/wp-content\/uploads\/2021\/06\/20210614_171511-1024x768.jpg 1024w, https:\/\/mimieboutique.com\/wp-content\/uploads\/2021\/06\/20210614_171511-300x225.jpg 300w, https:\/\/mimieboutique.com\/wp-content\/uploads\/2021\/06\/20210614_171511-768x576.jpg 768w, https:\/\/mimieboutique.com\/wp-content\/uploads\/2021\/06\/20210614_171511-1536x1152.jpg 1536w, https:\/\/mimieboutique.com\/wp-content\/uploads\/2021\/06\/20210614_171511-2048x1536.jpg 2048w\" sizes=\"auto, (max-width: 780px) 100vw, 780px\" \/><figcaption id=\"caption-attachment-3131\" class=\"wp-caption-text\">Aux abords du parc des Alisiers<\/figcaption><\/figure>\n<p>Ce parc est une id\u00e9e g\u00e9niale car, en croisant la Coul\u00e9e Verte, il offre un double espace vert. De l&rsquo;autre c\u00f4t\u00e9, se trouve l&rsquo;A86 dont on oublie l&rsquo;existence une fois sur place. Nous sommes \u00e0 Antony, fin de l&rsquo;\u00e9tape 3.<\/p>\n<figure id=\"attachment_3129\" aria-describedby=\"caption-attachment-3129\" style=\"width: 780px\" class=\"wp-caption aligncenter\"><img loading=\"lazy\" decoding=\"async\" class=\"wp-image-3129 size-large\" title=\"Invitation \u00e0 la descente \" src=\"https:\/\/mimieboutique.com\/wp-content\/uploads\/2021\/06\/20210614_171249-1024x768.jpg\" alt=\"Invitation \u00e0 la descente \" width=\"780\" height=\"585\" srcset=\"https:\/\/mimieboutique.com\/wp-content\/uploads\/2021\/06\/20210614_171249-1024x768.jpg 1024w, https:\/\/mimieboutique.com\/wp-content\/uploads\/2021\/06\/20210614_171249-300x225.jpg 300w, https:\/\/mimieboutique.com\/wp-content\/uploads\/2021\/06\/20210614_171249-768x576.jpg 768w, https:\/\/mimieboutique.com\/wp-content\/uploads\/2021\/06\/20210614_171249-1536x1152.jpg 1536w, https:\/\/mimieboutique.com\/wp-content\/uploads\/2021\/06\/20210614_171249-2048x1536.jpg 2048w\" sizes=\"auto, (max-width: 780px) 100vw, 780px\" \/><figcaption id=\"caption-attachment-3129\" class=\"wp-caption-text\">Invitation \u00e0 la descente<\/figcaption><\/figure>\n<h2>Etape 4 : d&rsquo;Antony \u00e0 Massy<\/h2>\n<p>Antony est le dernier tron\u00e7on du 92 avant de p\u00e9n\u00e9trer dans le 91 pour Massy. La rue du Colonel Fabien, marque un nouveau changement de visage de la voie verte. On peut faire une nouvelle escale au Parc de la Noisette et le visiter en quelques coups de p\u00e9dales. Puis l&rsquo;on rejoindra la Coul\u00e9e Verte.<\/p>\n<p>Cette partie est tr\u00e8s int\u00e9ressante et le paysage changeant. On traverse d&rsquo;abord des sapins, comme si l&rsquo;on \u00e9tait dans les Landes. Puis on arrive dans une sorte de pr\u00e9 avec une grande descente. Des arbres fruitiers bordent la Coul\u00e9e Verte et on peut voir des fruits dessus en \u00e9t\u00e9 qui donnent envie d&rsquo;\u00eatre cueillis!<\/p>\n<p>Ensuite, nous sommes de retour parmi les sapins et les grands arbres, comme dans une for\u00eat. La route descend et nous offre le loisir de l&rsquo;admirer. Nous sommes \u00e0 Massy, fin du tron\u00e7on Paris-Massy.<\/p>\n<figure id=\"attachment_3120\" aria-describedby=\"caption-attachment-3120\" style=\"width: 780px\" class=\"wp-caption aligncenter\"><img loading=\"lazy\" decoding=\"async\" class=\"size-large wp-image-3120\" src=\"https:\/\/mimieboutique.com\/wp-content\/uploads\/2021\/06\/20210614_164209-1024x768.jpg\" alt=\"Fin du tron\u00e7on Antony-Massy\" width=\"780\" height=\"585\" srcset=\"https:\/\/mimieboutique.com\/wp-content\/uploads\/2021\/06\/20210614_164209-1024x768.jpg 1024w, https:\/\/mimieboutique.com\/wp-content\/uploads\/2021\/06\/20210614_164209-300x225.jpg 300w, https:\/\/mimieboutique.com\/wp-content\/uploads\/2021\/06\/20210614_164209-768x576.jpg 768w, https:\/\/mimieboutique.com\/wp-content\/uploads\/2021\/06\/20210614_164209-1536x1152.jpg 1536w, https:\/\/mimieboutique.com\/wp-content\/uploads\/2021\/06\/20210614_164209-2048x1536.jpg 2048w\" sizes=\"auto, (max-width: 780px) 100vw, 780px\" \/><figcaption id=\"caption-attachment-3120\" class=\"wp-caption-text\">Fin du tron\u00e7on Antony-Massy<\/figcaption><\/figure>\n<h2>Etape 5 : le retour et les d\u00e9tours<\/h2>\n<p>Maintenant que nous sommes arriv\u00e9s \u00e0 bon port, il faut penser au retour. Plusieurs options s&rsquo;offrent \u00e0 nous, on a envie de toutes les tester, d&rsquo;aller plus loin, de d\u00e9couvrir le 91&#8230;<\/p>\n<h3>Option 1 : rentrer en RER<\/h3>\n<p>A Massy, se trouve une grande gare avec le RER C et le RER B. Donc il est possible de faire le retour en train. Les v\u00e9los peuvent \u00eatre mont\u00e9s par escalators ou ascenseurs en gare et dans les trains. Ils peuvent \u00eatre plac\u00e9s \u00e0 l&rsquo;avant, arri\u00e8re des trains. Dans les nouveaux trains (si\u00e8ges clairs) on peut mettre des v\u00e9los pliants dans les compartiments \u00e0 bagages. Dans les anciens trains (si\u00e8ges fonc\u00e9s) il y a des strapontins permettant de se mettre dans un coin avec son v\u00e9lo. Le RER B reprend le chemin inverse en passant par Antony, Bourg-la-Reine et Sceaux.<\/p>\n<p>Pour rejoindre le RER, la f\u00eate continue sur piste cyclable. En traversant la rue du Pont de Pierre, o\u00f9 l&rsquo;on voit un panneau qui indique la Bi\u00e8vre. Nous la longerons un instant.<\/p>\n<figure id=\"attachment_3121\" aria-describedby=\"caption-attachment-3121\" style=\"width: 780px\" class=\"wp-caption aligncenter\"><img loading=\"lazy\" decoding=\"async\" class=\"size-large wp-image-3121\" src=\"https:\/\/mimieboutique.com\/wp-content\/uploads\/2021\/06\/20210614_164314-1024x768.jpg\" alt=\"Croisement pour la suite de la Coul\u00e9e Verte ou le parc Heller\" width=\"780\" height=\"585\" srcset=\"https:\/\/mimieboutique.com\/wp-content\/uploads\/2021\/06\/20210614_164314-1024x768.jpg 1024w, https:\/\/mimieboutique.com\/wp-content\/uploads\/2021\/06\/20210614_164314-300x225.jpg 300w, https:\/\/mimieboutique.com\/wp-content\/uploads\/2021\/06\/20210614_164314-768x576.jpg 768w, https:\/\/mimieboutique.com\/wp-content\/uploads\/2021\/06\/20210614_164314-1536x1152.jpg 1536w, https:\/\/mimieboutique.com\/wp-content\/uploads\/2021\/06\/20210614_164314-2048x1536.jpg 2048w\" sizes=\"auto, (max-width: 780px) 100vw, 780px\" \/><figcaption id=\"caption-attachment-3121\" class=\"wp-caption-text\">Croisement pour le retour en RER (\u00e0 droite) ou \u00e0 v\u00e9lo (\u00e0 gauche)<\/figcaption><\/figure>\n<p>Nous passerons par un rond-point fr\u00e9quent\u00e9 et rejoindrons la voie verte qui a \u00e9t\u00e9 r\u00e9cemment refaite pour notre plus grand plaisir. On passera sous le pont du RER et arrivera ensuite sur le Bassin des Goach\u00e8res. Ce petit \u00e9tang dont on peut faire le tour, abrite quelques esp\u00e8ces d&rsquo;oiseaux. Il y a en fait de nombreux \u00e9tangs dans le 91, tr\u00e8s vert. On peut aussi passer par le parc de la Tuilerie face au rond-point de l&rsquo;Appel du 18 Juin 1940. On pourra ainsi voir le bassin du Bois de Briis ou le bassin de la Tuilerie avec son ponton en bois et ses poules d&rsquo;eau. Enfin, la piste cyclable nous emm\u00e8nera \u00e0 la gare pour le retour en RER B ou C en passant par le nouveau quartier d&rsquo;affaires du sud parisien.<\/p>\n<figure id=\"attachment_3140\" aria-describedby=\"caption-attachment-3140\" style=\"width: 780px\" class=\"wp-caption aligncenter\"><img loading=\"lazy\" decoding=\"async\" class=\"size-large wp-image-3140\" src=\"https:\/\/mimieboutique.com\/wp-content\/uploads\/2021\/06\/20201020_140239-1024x768.jpg\" alt=\"Parc de la Tuilerie\" width=\"780\" height=\"585\" srcset=\"https:\/\/mimieboutique.com\/wp-content\/uploads\/2021\/06\/20201020_140239-1024x768.jpg 1024w, https:\/\/mimieboutique.com\/wp-content\/uploads\/2021\/06\/20201020_140239-300x225.jpg 300w, https:\/\/mimieboutique.com\/wp-content\/uploads\/2021\/06\/20201020_140239-768x576.jpg 768w, https:\/\/mimieboutique.com\/wp-content\/uploads\/2021\/06\/20201020_140239-1536x1152.jpg 1536w, https:\/\/mimieboutique.com\/wp-content\/uploads\/2021\/06\/20201020_140239-2048x1536.jpg 2048w\" sizes=\"auto, (max-width: 780px) 100vw, 780px\" \/><figcaption id=\"caption-attachment-3140\" class=\"wp-caption-text\">Parc de la Tuilerie<\/figcaption><\/figure>\n<h3>Option 2 : rentrer \u00e0 v\u00e9lo<\/h3>\n<p>Les plus courageux voudront faire la Coul\u00e9e Verte \u00e0 v\u00e9lo aller\/retour. Il est int\u00e9ressant de refaire le chemin inverse certes, mais essayons de faire quelques escales pour le rendre moins monotone. Monotone, que dis-je, lorsque je pense \u00e0 la mont\u00e9e qui nous attend avant la m\u00e9diath\u00e8que de Fontenay-aux-Roses, je me dis que je me trompe! Quel courage, quelle bravoure! Nous sommes de grands sportifs amoureux de la nature! Profitons de cette forme olympique!<\/p>\n<p>Premier choix pour le retour, faire ce que j&rsquo;appelle l&rsquo;annexe de la Coul\u00e9e Verte : le Parc Heller. Avant de traverser la rue du Pont de Pierre, on peut bifurquer vers la rue Marius Hue. On arrive sur une voie verte par un skate parc, ambiance urbaine. Puis on devine le bassin de la Bi\u00e8vre sur la gauche, derri\u00e8re les planches de bois. Quelques fen\u00eatres permettent d&rsquo;observer les esp\u00e8ces d&rsquo;oiseaux de cet espace prot\u00e9g\u00e9.<\/p>\n<figure id=\"attachment_3122\" aria-describedby=\"caption-attachment-3122\" style=\"width: 780px\" class=\"wp-caption aligncenter\"><img loading=\"lazy\" decoding=\"async\" class=\"size-large wp-image-3122\" src=\"https:\/\/mimieboutique.com\/wp-content\/uploads\/2021\/06\/20210614_164639-1024x768.jpg\" alt=\"Vue du bassin de la Bi\u00e8vre\" width=\"780\" height=\"585\" srcset=\"https:\/\/mimieboutique.com\/wp-content\/uploads\/2021\/06\/20210614_164639-1024x768.jpg 1024w, https:\/\/mimieboutique.com\/wp-content\/uploads\/2021\/06\/20210614_164639-300x225.jpg 300w, https:\/\/mimieboutique.com\/wp-content\/uploads\/2021\/06\/20210614_164639-768x576.jpg 768w, https:\/\/mimieboutique.com\/wp-content\/uploads\/2021\/06\/20210614_164639-1536x1152.jpg 1536w, https:\/\/mimieboutique.com\/wp-content\/uploads\/2021\/06\/20210614_164639-2048x1536.jpg 2048w\" sizes=\"auto, (max-width: 780px) 100vw, 780px\" \/><figcaption id=\"caption-attachment-3122\" class=\"wp-caption-text\">Vue du bassin de la Bi\u00e8vre<\/figcaption><\/figure>\n<p>Au bout de la voie, on traversera la route pour rejoindre le parc en voyant un joli pont a\u00e9rien qui peut s&#8217;emprunter \u00e0 pieds ou \u00e0 v\u00e9lo le temps d&rsquo;un d\u00e9tour.<\/p>\n<figure id=\"attachment_3124\" aria-describedby=\"caption-attachment-3124\" style=\"width: 780px\" class=\"wp-caption aligncenter\"><img loading=\"lazy\" decoding=\"async\" class=\"size-large wp-image-3124\" src=\"https:\/\/mimieboutique.com\/wp-content\/uploads\/2021\/06\/20210614_165018-1024x768.jpg\" alt=\"Entr\u00e9e du Parc Heller\" width=\"780\" height=\"585\" srcset=\"https:\/\/mimieboutique.com\/wp-content\/uploads\/2021\/06\/20210614_165018-1024x768.jpg 1024w, https:\/\/mimieboutique.com\/wp-content\/uploads\/2021\/06\/20210614_165018-300x225.jpg 300w, https:\/\/mimieboutique.com\/wp-content\/uploads\/2021\/06\/20210614_165018-768x576.jpg 768w, https:\/\/mimieboutique.com\/wp-content\/uploads\/2021\/06\/20210614_165018-1536x1152.jpg 1536w, https:\/\/mimieboutique.com\/wp-content\/uploads\/2021\/06\/20210614_165018-2048x1536.jpg 2048w\" sizes=\"auto, (max-width: 780px) 100vw, 780px\" \/><figcaption id=\"caption-attachment-3124\" class=\"wp-caption-text\">Entr\u00e9e du Parc Heller<\/figcaption><\/figure>\n<p>Cette annexe de la Coul\u00e9e Verte est remarquable. On entrera dans les lieux bord\u00e9s de r\u00e9sidences sympathiques puis on arrivera \u00e0 l&rsquo;\u00e9tang du Soleil au milieu duquel tr\u00f4ne une fontaine paisible. Au bout du parc apr\u00e8s le portail, on pourra voir l&rsquo;ancien Moulin de la Seigneurie.<\/p>\n<figure id=\"attachment_3147\" aria-describedby=\"caption-attachment-3147\" style=\"width: 780px\" class=\"wp-caption aligncenter\"><img loading=\"lazy\" decoding=\"async\" class=\"wp-image-3147 size-large\" src=\"https:\/\/mimieboutique.com\/wp-content\/uploads\/2021\/06\/20210614_165940-1-1024x768.jpg\" alt=\"Moulin de la seigneurie, Antony\" width=\"780\" height=\"585\" srcset=\"https:\/\/mimieboutique.com\/wp-content\/uploads\/2021\/06\/20210614_165940-1-1024x768.jpg 1024w, https:\/\/mimieboutique.com\/wp-content\/uploads\/2021\/06\/20210614_165940-1-300x225.jpg 300w, https:\/\/mimieboutique.com\/wp-content\/uploads\/2021\/06\/20210614_165940-1-768x576.jpg 768w, https:\/\/mimieboutique.com\/wp-content\/uploads\/2021\/06\/20210614_165940-1-1536x1152.jpg 1536w, https:\/\/mimieboutique.com\/wp-content\/uploads\/2021\/06\/20210614_165940-1-2048x1536.jpg 2048w\" sizes=\"auto, (max-width: 780px) 100vw, 780px\" \/><figcaption id=\"caption-attachment-3147\" class=\"wp-caption-text\">Moulin de la seigneurie, Antony<\/figcaption><\/figure>\n<p>Puis, on retournera \u00e0 l&rsquo;\u00e9tang du Soleil. On rentrera derri\u00e8re lui, par le ruisseau des Godets avec le bassin du Paradis, qui rejoindra le Parc de la Noisette et la Coul\u00e9e Verte \u00e0 v\u00e9lo.<\/p>\n<div class=\"mceTemp\"><\/div>\n<figure id=\"attachment_3125\" aria-describedby=\"caption-attachment-3125\" style=\"width: 780px\" class=\"wp-caption aligncenter\"><img loading=\"lazy\" decoding=\"async\" class=\"size-large wp-image-3125\" src=\"https:\/\/mimieboutique.com\/wp-content\/uploads\/2021\/06\/20210614_165203-1024x768.jpg\" alt=\"Etang du Soleil\" width=\"780\" height=\"585\" srcset=\"https:\/\/mimieboutique.com\/wp-content\/uploads\/2021\/06\/20210614_165203-1024x768.jpg 1024w, https:\/\/mimieboutique.com\/wp-content\/uploads\/2021\/06\/20210614_165203-300x225.jpg 300w, https:\/\/mimieboutique.com\/wp-content\/uploads\/2021\/06\/20210614_165203-768x576.jpg 768w, https:\/\/mimieboutique.com\/wp-content\/uploads\/2021\/06\/20210614_165203-1536x1152.jpg 1536w, https:\/\/mimieboutique.com\/wp-content\/uploads\/2021\/06\/20210614_165203-2048x1536.jpg 2048w\" sizes=\"auto, (max-width: 780px) 100vw, 780px\" \/><figcaption id=\"caption-attachment-3125\" class=\"wp-caption-text\">Etang du Soleil<\/figcaption><\/figure>\n<p>N&rsquo;h\u00e9sitez pas \u00e0 faire des d\u00e9tours dans les parcs annexes \u00e9voqu\u00e9s afin de prolonger la promenade.<\/p>\n<figure id=\"attachment_3130\" aria-describedby=\"caption-attachment-3130\" style=\"width: 780px\" class=\"wp-caption aligncenter\"><img loading=\"lazy\" decoding=\"async\" class=\"size-large wp-image-3130\" src=\"https:\/\/mimieboutique.com\/wp-content\/uploads\/2021\/06\/20210614_171438-1024x768.jpg\" alt=\"Parc des Alisiers\" width=\"780\" height=\"585\" srcset=\"https:\/\/mimieboutique.com\/wp-content\/uploads\/2021\/06\/20210614_171438-1024x768.jpg 1024w, https:\/\/mimieboutique.com\/wp-content\/uploads\/2021\/06\/20210614_171438-300x225.jpg 300w, https:\/\/mimieboutique.com\/wp-content\/uploads\/2021\/06\/20210614_171438-768x576.jpg 768w, https:\/\/mimieboutique.com\/wp-content\/uploads\/2021\/06\/20210614_171438-1536x1152.jpg 1536w, https:\/\/mimieboutique.com\/wp-content\/uploads\/2021\/06\/20210614_171438-2048x1536.jpg 2048w\" sizes=\"auto, (max-width: 780px) 100vw, 780px\" \/><figcaption id=\"caption-attachment-3130\" class=\"wp-caption-text\">Parc des Alisiers<\/figcaption><\/figure>\n<p style=\"text-align: center;\">J&rsquo;esp\u00e8re que mon article vous aura donn\u00e9 envie de faire la Coul\u00e9e Verte \u00e0 v\u00e9lo. N&rsquo;h\u00e9sitez pas \u00e0 consulter d&rsquo;autres itin\u00e9raires v\u00e9lo en IDF sur mon blog comme <a href=\"https:\/\/mimieboutique.com\/index.php\/2021\/05\/14\/la-marne-a-velo\/\">la Marne \u00e0 v\u00e9lo<\/a>. Bonne balade!<\/p>\n<div>\n<p style=\"text-align: center;\"><span style=\"color: #993366;\"><strong><em>Suivez mes aventures sur <a style=\"color: #993366;\" href=\"https:\/\/www.facebook.com\/mimieboutiqueblog\">Facebook<\/a> &amp;\u00a0<a style=\"color: #993366;\" href=\"https:\/\/www.instagram.com\/mimieboutiqueblog\/\">Instagram<\/a><\/em><\/strong><\/span><\/p>\n<div><\/div>\n<div><a href=\"https:\/\/www.instagram.com\/mimieboutiqueblog\/\"><img loading=\"lazy\" decoding=\"async\" class=\"size-medium wp-image-5749 aligncenter\" src=\"https:\/\/mimieboutique.com\/wp-content\/uploads\/2023\/10\/instagram-e1696342006646-300x141.jpg\" alt=\"\" width=\"300\" height=\"141\" srcset=\"https:\/\/mimieboutique.com\/wp-content\/uploads\/2023\/10\/instagram-e1696342006646-300x141.jpg 300w, https:\/\/mimieboutique.com\/wp-content\/uploads\/2023\/10\/instagram-e1696342006646-768x360.jpg 768w, https:\/\/mimieboutique.com\/wp-content\/uploads\/2023\/10\/instagram-e1696342006646.jpg 770w\" sizes=\"auto, (max-width: 300px) 100vw, 300px\" \/><\/a><\/div>\n<\/div>\n<div><\/div>\n<div><\/div>\n<div>\n<div><\/div>\n<div><a href=\"https:\/\/www.facebook.com\/mimieboutiqueblog\"><img loading=\"lazy\" decoding=\"async\" class=\"aligncenter size-medium wp-image-5750\" src=\"https:\/\/mimieboutique.com\/wp-content\/uploads\/2023\/10\/Facebook_New_Logo_2015.svg_-300x113.png\" alt=\"\" width=\"300\" height=\"113\" srcset=\"https:\/\/mimieboutique.com\/wp-content\/uploads\/2023\/10\/Facebook_New_Logo_2015.svg_-300x113.png 300w, https:\/\/mimieboutique.com\/wp-content\/uploads\/2023\/10\/Facebook_New_Logo_2015.svg_-1024x385.png 1024w, https:\/\/mimieboutique.com\/wp-content\/uploads\/2023\/10\/Facebook_New_Logo_2015.svg_-768x289.png 768w, https:\/\/mimieboutique.com\/wp-content\/uploads\/2023\/10\/Facebook_New_Logo_2015.svg_-1536x577.png 1536w, https:\/\/mimieboutique.com\/wp-content\/uploads\/2023\/10\/Facebook_New_Logo_2015.svg_-2048x770.png 2048w\" sizes=\"auto, (max-width: 300px) 100vw, 300px\" \/><\/a><\/div>\n<\/div>\n","protected":false},"excerpt":{"rendered":"<p>Bonjour chers cyclistes! Aujourd&rsquo;hui je vous invite \u00e0 d\u00e9couvrir La Coul\u00e9e Verte ou promenade des &hellip; <\/p>\n","protected":false},"author":3,"featured_media":3134,"comment_status":"closed","ping_status":"closed","sticky":false,"template":"","format":"standard","meta":{"give_campaign_id":0,"footnotes":""},"categories":[75,78],"tags":[],"class_list":["post-3116","post","type-post","status-publish","format-standard","has-post-thumbnail","hentry","category-a-paris","category-veloscenie","latest_post"],"yoast_head":"<!-- This site is optimized with the Yoast SEO plugin v24.6 - https:\/\/yoast.com\/wordpress\/plugins\/seo\/ -->\n<title>La Coul\u00e9e Verte \u00e0 v\u00e9lo - Blog rubrique v\u00e9lo<\/title>\n<meta name=\"description\" content=\"La Coul\u00e9e Verte \u00e0 v\u00e9lo \u00e9tape par \u00e9tape au d\u00e9part de Paris jusqu&#039;\u00e0 Massy avec des d\u00e9tours par les parcs Heller, de la Noisette, des Alisiers\" \/>\n<meta name=\"robots\" content=\"index, follow, max-snippet:-1, max-image-preview:large, max-video-preview:-1\" \/>\n<link rel=\"canonical\" href=\"https:\/\/mimieboutique.com\/index.php\/2021\/06\/15\/la-coulee-verte-a-velo\/\" \/>\n<meta property=\"og:locale\" content=\"fr_FR\" \/>\n<meta property=\"og:type\" content=\"article\" \/>\n<meta property=\"og:title\" content=\"La Coul\u00e9e Verte \u00e0 v\u00e9lo - Blog rubrique v\u00e9lo\" \/>\n<meta property=\"og:description\" content=\"La Coul\u00e9e Verte \u00e0 v\u00e9lo \u00e9tape par \u00e9tape au d\u00e9part de Paris jusqu&#039;\u00e0 Massy avec des d\u00e9tours par les parcs Heller, de la Noisette, des Alisiers\" \/>\n<meta property=\"og:url\" content=\"https:\/\/mimieboutique.com\/index.php\/2021\/06\/15\/la-coulee-verte-a-velo\/\" \/>\n<meta property=\"og:site_name\" content=\"Mimie boutique\" \/>\n<meta property=\"article:published_time\" content=\"2021-06-15T17:44:04+00:00\" \/>\n<meta property=\"article:modified_time\" content=\"2025-11-24T13:58:15+00:00\" \/>\n<meta property=\"og:image\" content=\"https:\/\/mimieboutique.com\/wp-content\/uploads\/2021\/06\/20210415_185703-1-scaled.jpg\" \/>\n\t<meta property=\"og:image:width\" content=\"2560\" \/>\n\t<meta property=\"og:image:height\" content=\"1920\" \/>\n\t<meta property=\"og:image:type\" content=\"image\/jpeg\" \/>\n<meta name=\"author\" content=\"MM\" \/>\n<meta name=\"twitter:card\" content=\"summary_large_image\" \/>\n<meta name=\"twitter:label1\" content=\"\u00c9crit par\" \/>\n\t<meta name=\"twitter:data1\" content=\"MM\" \/>\n\t<meta name=\"twitter:label2\" content=\"Dur\u00e9e de lecture estim\u00e9e\" \/>\n\t<meta name=\"twitter:data2\" content=\"14 minutes\" \/>\n<script type=\"application\/ld+json\" class=\"yoast-schema-graph\">{\"@context\":\"https:\/\/schema.org\",\"@graph\":[{\"@type\":\"Article\",\"@id\":\"https:\/\/mimieboutique.com\/index.php\/2021\/06\/15\/la-coulee-verte-a-velo\/#article\",\"isPartOf\":{\"@id\":\"https:\/\/mimieboutique.com\/index.php\/2021\/06\/15\/la-coulee-verte-a-velo\/\"},\"author\":{\"name\":\"MM\",\"@id\":\"https:\/\/mimieboutique.com\/#\/schema\/person\/2980ae90223bc67c8c73ad733287165a\"},\"headline\":\"La Coul\u00e9e Verte \u00e0 v\u00e9lo\",\"datePublished\":\"2021-06-15T17:44:04+00:00\",\"dateModified\":\"2025-11-24T13:58:15+00:00\",\"mainEntityOfPage\":{\"@id\":\"https:\/\/mimieboutique.com\/index.php\/2021\/06\/15\/la-coulee-verte-a-velo\/\"},\"wordCount\":1910,\"publisher\":{\"@id\":\"https:\/\/mimieboutique.com\/#organization\"},\"image\":{\"@id\":\"https:\/\/mimieboutique.com\/index.php\/2021\/06\/15\/la-coulee-verte-a-velo\/#primaryimage\"},\"thumbnailUrl\":\"https:\/\/mimieboutique.com\/wp-content\/uploads\/2021\/06\/20210415_185703-1-scaled.jpg\",\"articleSection\":[\"Depuis Paris\",\"V\u00e9losc\u00e9nie\"],\"inLanguage\":\"fr-FR\"},{\"@type\":\"WebPage\",\"@id\":\"https:\/\/mimieboutique.com\/index.php\/2021\/06\/15\/la-coulee-verte-a-velo\/\",\"url\":\"https:\/\/mimieboutique.com\/index.php\/2021\/06\/15\/la-coulee-verte-a-velo\/\",\"name\":\"La Coul\u00e9e Verte \u00e0 v\u00e9lo - Blog rubrique v\u00e9lo\",\"isPartOf\":{\"@id\":\"https:\/\/mimieboutique.com\/#website\"},\"primaryImageOfPage\":{\"@id\":\"https:\/\/mimieboutique.com\/index.php\/2021\/06\/15\/la-coulee-verte-a-velo\/#primaryimage\"},\"image\":{\"@id\":\"https:\/\/mimieboutique.com\/index.php\/2021\/06\/15\/la-coulee-verte-a-velo\/#primaryimage\"},\"thumbnailUrl\":\"https:\/\/mimieboutique.com\/wp-content\/uploads\/2021\/06\/20210415_185703-1-scaled.jpg\",\"datePublished\":\"2021-06-15T17:44:04+00:00\",\"dateModified\":\"2025-11-24T13:58:15+00:00\",\"description\":\"La Coul\u00e9e Verte \u00e0 v\u00e9lo \u00e9tape par \u00e9tape au d\u00e9part de Paris jusqu'\u00e0 Massy avec des d\u00e9tours par les parcs Heller, de la Noisette, des Alisiers\",\"breadcrumb\":{\"@id\":\"https:\/\/mimieboutique.com\/index.php\/2021\/06\/15\/la-coulee-verte-a-velo\/#breadcrumb\"},\"inLanguage\":\"fr-FR\",\"potentialAction\":[{\"@type\":\"ReadAction\",\"target\":[\"https:\/\/mimieboutique.com\/index.php\/2021\/06\/15\/la-coulee-verte-a-velo\/\"]}]},{\"@type\":\"ImageObject\",\"inLanguage\":\"fr-FR\",\"@id\":\"https:\/\/mimieboutique.com\/index.php\/2021\/06\/15\/la-coulee-verte-a-velo\/#primaryimage\",\"url\":\"https:\/\/mimieboutique.com\/wp-content\/uploads\/2021\/06\/20210415_185703-1-scaled.jpg\",\"contentUrl\":\"https:\/\/mimieboutique.com\/wp-content\/uploads\/2021\/06\/20210415_185703-1-scaled.jpg\",\"width\":2560,\"height\":1920,\"caption\":\"Les cerisiers en fleurs du parc de Sceaux\"},{\"@type\":\"BreadcrumbList\",\"@id\":\"https:\/\/mimieboutique.com\/index.php\/2021\/06\/15\/la-coulee-verte-a-velo\/#breadcrumb\",\"itemListElement\":[{\"@type\":\"ListItem\",\"position\":1,\"name\":\"Accueil\",\"item\":\"https:\/\/mimieboutique.com\/\"},{\"@type\":\"ListItem\",\"position\":2,\"name\":\"La Coul\u00e9e Verte \u00e0 v\u00e9lo\"}]},{\"@type\":\"WebSite\",\"@id\":\"https:\/\/mimieboutique.com\/#website\",\"url\":\"https:\/\/mimieboutique.com\/\",\"name\":\"Mimie boutique\",\"description\":\"\",\"publisher\":{\"@id\":\"https:\/\/mimieboutique.com\/#organization\"},\"inLanguage\":\"fr-FR\"},{\"@type\":\"Organization\",\"@id\":\"https:\/\/mimieboutique.com\/#organization\",\"name\":\"Mimie boutique\",\"url\":\"https:\/\/mimieboutique.com\/\",\"logo\":{\"@type\":\"ImageObject\",\"inLanguage\":\"fr-FR\",\"@id\":\"https:\/\/mimieboutique.com\/#\/schema\/logo\/image\/\",\"url\":\"https:\/\/mimieboutique.com\/wp-content\/uploads\/2021\/07\/logo-Mimie-bboutique-mois-gras.png\",\"contentUrl\":\"https:\/\/mimieboutique.com\/wp-content\/uploads\/2021\/07\/logo-Mimie-bboutique-mois-gras.png\",\"width\":4000,\"height\":3000,\"caption\":\"Mimie boutique\"},\"image\":{\"@id\":\"https:\/\/mimieboutique.com\/#\/schema\/logo\/image\/\"}},{\"@type\":\"Person\",\"@id\":\"https:\/\/mimieboutique.com\/#\/schema\/person\/2980ae90223bc67c8c73ad733287165a\",\"name\":\"MM\",\"image\":{\"@type\":\"ImageObject\",\"inLanguage\":\"fr-FR\",\"@id\":\"https:\/\/mimieboutique.com\/#\/schema\/person\/image\/\",\"url\":\"https:\/\/secure.gravatar.com\/avatar\/8c0517355ee058ff67715c6bf85d872c?s=96&d=mm&r=g\",\"contentUrl\":\"https:\/\/secure.gravatar.com\/avatar\/8c0517355ee058ff67715c6bf85d872c?s=96&d=mm&r=g\",\"caption\":\"MM\"},\"url\":\"https:\/\/mimieboutique.com\/index.php\/author\/elise\/\"}]}<\/script>\n<!-- \/ Yoast SEO plugin. -->","yoast_head_json":{"title":"La Coul\u00e9e Verte \u00e0 v\u00e9lo - Blog rubrique v\u00e9lo","description":"La Coul\u00e9e Verte \u00e0 v\u00e9lo \u00e9tape par \u00e9tape au d\u00e9part de Paris jusqu'\u00e0 Massy avec des d\u00e9tours par les parcs Heller, de la Noisette, des Alisiers","robots":{"index":"index","follow":"follow","max-snippet":"max-snippet:-1","max-image-preview":"max-image-preview:large","max-video-preview":"max-video-preview:-1"},"canonical":"https:\/\/mimieboutique.com\/index.php\/2021\/06\/15\/la-coulee-verte-a-velo\/","og_locale":"fr_FR","og_type":"article","og_title":"La Coul\u00e9e Verte \u00e0 v\u00e9lo - Blog rubrique v\u00e9lo","og_description":"La Coul\u00e9e Verte \u00e0 v\u00e9lo \u00e9tape par \u00e9tape au d\u00e9part de Paris jusqu'\u00e0 Massy avec des d\u00e9tours par les parcs Heller, de la Noisette, des Alisiers","og_url":"https:\/\/mimieboutique.com\/index.php\/2021\/06\/15\/la-coulee-verte-a-velo\/","og_site_name":"Mimie boutique","article_published_time":"2021-06-15T17:44:04+00:00","article_modified_time":"2025-11-24T13:58:15+00:00","og_image":[{"width":2560,"height":1920,"url":"https:\/\/mimieboutique.com\/wp-content\/uploads\/2021\/06\/20210415_185703-1-scaled.jpg","type":"image\/jpeg"}],"author":"MM","twitter_card":"summary_large_image","twitter_misc":{"\u00c9crit par":"MM","Dur\u00e9e de lecture estim\u00e9e":"14 minutes"},"schema":{"@context":"https:\/\/schema.org","@graph":[{"@type":"Article","@id":"https:\/\/mimieboutique.com\/index.php\/2021\/06\/15\/la-coulee-verte-a-velo\/#article","isPartOf":{"@id":"https:\/\/mimieboutique.com\/index.php\/2021\/06\/15\/la-coulee-verte-a-velo\/"},"author":{"name":"MM","@id":"https:\/\/mimieboutique.com\/#\/schema\/person\/2980ae90223bc67c8c73ad733287165a"},"headline":"La Coul\u00e9e Verte \u00e0 v\u00e9lo","datePublished":"2021-06-15T17:44:04+00:00","dateModified":"2025-11-24T13:58:15+00:00","mainEntityOfPage":{"@id":"https:\/\/mimieboutique.com\/index.php\/2021\/06\/15\/la-coulee-verte-a-velo\/"},"wordCount":1910,"publisher":{"@id":"https:\/\/mimieboutique.com\/#organization"},"image":{"@id":"https:\/\/mimieboutique.com\/index.php\/2021\/06\/15\/la-coulee-verte-a-velo\/#primaryimage"},"thumbnailUrl":"https:\/\/mimieboutique.com\/wp-content\/uploads\/2021\/06\/20210415_185703-1-scaled.jpg","articleSection":["Depuis Paris","V\u00e9losc\u00e9nie"],"inLanguage":"fr-FR"},{"@type":"WebPage","@id":"https:\/\/mimieboutique.com\/index.php\/2021\/06\/15\/la-coulee-verte-a-velo\/","url":"https:\/\/mimieboutique.com\/index.php\/2021\/06\/15\/la-coulee-verte-a-velo\/","name":"La Coul\u00e9e Verte \u00e0 v\u00e9lo - Blog rubrique v\u00e9lo","isPartOf":{"@id":"https:\/\/mimieboutique.com\/#website"},"primaryImageOfPage":{"@id":"https:\/\/mimieboutique.com\/index.php\/2021\/06\/15\/la-coulee-verte-a-velo\/#primaryimage"},"image":{"@id":"https:\/\/mimieboutique.com\/index.php\/2021\/06\/15\/la-coulee-verte-a-velo\/#primaryimage"},"thumbnailUrl":"https:\/\/mimieboutique.com\/wp-content\/uploads\/2021\/06\/20210415_185703-1-scaled.jpg","datePublished":"2021-06-15T17:44:04+00:00","dateModified":"2025-11-24T13:58:15+00:00","description":"La Coul\u00e9e Verte \u00e0 v\u00e9lo \u00e9tape par \u00e9tape au d\u00e9part de Paris jusqu'\u00e0 Massy avec des d\u00e9tours par les parcs Heller, de la Noisette, des Alisiers","breadcrumb":{"@id":"https:\/\/mimieboutique.com\/index.php\/2021\/06\/15\/la-coulee-verte-a-velo\/#breadcrumb"},"inLanguage":"fr-FR","potentialAction":[{"@type":"ReadAction","target":["https:\/\/mimieboutique.com\/index.php\/2021\/06\/15\/la-coulee-verte-a-velo\/"]}]},{"@type":"ImageObject","inLanguage":"fr-FR","@id":"https:\/\/mimieboutique.com\/index.php\/2021\/06\/15\/la-coulee-verte-a-velo\/#primaryimage","url":"https:\/\/mimieboutique.com\/wp-content\/uploads\/2021\/06\/20210415_185703-1-scaled.jpg","contentUrl":"https:\/\/mimieboutique.com\/wp-content\/uploads\/2021\/06\/20210415_185703-1-scaled.jpg","width":2560,"height":1920,"caption":"Les cerisiers en fleurs du parc de Sceaux"},{"@type":"BreadcrumbList","@id":"https:\/\/mimieboutique.com\/index.php\/2021\/06\/15\/la-coulee-verte-a-velo\/#breadcrumb","itemListElement":[{"@type":"ListItem","position":1,"name":"Accueil","item":"https:\/\/mimieboutique.com\/"},{"@type":"ListItem","position":2,"name":"La Coul\u00e9e Verte \u00e0 v\u00e9lo"}]},{"@type":"WebSite","@id":"https:\/\/mimieboutique.com\/#website","url":"https:\/\/mimieboutique.com\/","name":"Mimie boutique","description":"","publisher":{"@id":"https:\/\/mimieboutique.com\/#organization"},"inLanguage":"fr-FR"},{"@type":"Organization","@id":"https:\/\/mimieboutique.com\/#organization","name":"Mimie boutique","url":"https:\/\/mimieboutique.com\/","logo":{"@type":"ImageObject","inLanguage":"fr-FR","@id":"https:\/\/mimieboutique.com\/#\/schema\/logo\/image\/","url":"https:\/\/mimieboutique.com\/wp-content\/uploads\/2021\/07\/logo-Mimie-bboutique-mois-gras.png","contentUrl":"https:\/\/mimieboutique.com\/wp-content\/uploads\/2021\/07\/logo-Mimie-bboutique-mois-gras.png","width":4000,"height":3000,"caption":"Mimie boutique"},"image":{"@id":"https:\/\/mimieboutique.com\/#\/schema\/logo\/image\/"}},{"@type":"Person","@id":"https:\/\/mimieboutique.com\/#\/schema\/person\/2980ae90223bc67c8c73ad733287165a","name":"MM","image":{"@type":"ImageObject","inLanguage":"fr-FR","@id":"https:\/\/mimieboutique.com\/#\/schema\/person\/image\/","url":"https:\/\/secure.gravatar.com\/avatar\/8c0517355ee058ff67715c6bf85d872c?s=96&d=mm&r=g","contentUrl":"https:\/\/secure.gravatar.com\/avatar\/8c0517355ee058ff67715c6bf85d872c?s=96&d=mm&r=g","caption":"MM"},"url":"https:\/\/mimieboutique.com\/index.php\/author\/elise\/"}]}},"_links":{"self":[{"href":"https:\/\/mimieboutique.com\/index.php\/wp-json\/wp\/v2\/posts\/3116","targetHints":{"allow":["GET"]}}],"collection":[{"href":"https:\/\/mimieboutique.com\/index.php\/wp-json\/wp\/v2\/posts"}],"about":[{"href":"https:\/\/mimieboutique.com\/index.php\/wp-json\/wp\/v2\/types\/post"}],"author":[{"embeddable":true,"href":"https:\/\/mimieboutique.com\/index.php\/wp-json\/wp\/v2\/users\/3"}],"replies":[{"embeddable":true,"href":"https:\/\/mimieboutique.com\/index.php\/wp-json\/wp\/v2\/comments?post=3116"}],"version-history":[{"count":11,"href":"https:\/\/mimieboutique.com\/index.php\/wp-json\/wp\/v2\/posts\/3116\/revisions"}],"predecessor-version":[{"id":5765,"href":"https:\/\/mimieboutique.com\/index.php\/wp-json\/wp\/v2\/posts\/3116\/revisions\/5765"}],"wp:featuredmedia":[{"embeddable":true,"href":"https:\/\/mimieboutique.com\/index.php\/wp-json\/wp\/v2\/media\/3134"}],"wp:attachment":[{"href":"https:\/\/mimieboutique.com\/index.php\/wp-json\/wp\/v2\/media?parent=3116"}],"wp:term":[{"taxonomy":"category","embeddable":true,"href":"https:\/\/mimieboutique.com\/index.php\/wp-json\/wp\/v2\/categories?post=3116"},{"taxonomy":"post_tag","embeddable":true,"href":"https:\/\/mimieboutique.com\/index.php\/wp-json\/wp\/v2\/tags?post=3116"}],"curies":[{"name":"wp","href":"https:\/\/api.w.org\/{rel}","templated":true}]}}