{"id":5040,"date":"2022-04-10T11:53:14","date_gmt":"2022-04-10T10:53:14","guid":{"rendered":"https:\/\/mimieboutique.com\/?p=5040"},"modified":"2025-11-24T14:51:08","modified_gmt":"2025-11-24T13:51:08","slug":"de-paris-a-chartres-a-velo","status":"publish","type":"post","link":"https:\/\/mimieboutique.com\/index.php\/2022\/04\/10\/de-paris-a-chartres-a-velo\/","title":{"rendered":"De Paris \u00e0 Chartres \u00e0 v\u00e9lo sur la V\u00e9losc\u00e9nie"},"content":{"rendered":"<p>L&rsquo;Ile de France offre de nombreux itin\u00e9raires \u00e0 v\u00e9lo de Paris \u00e0 la banlieue ou aux villes voisines. Parmi elles, Chartres situ\u00e9e \u00e0 une centaine de kilom\u00e8tres de la capitale. Pour y aller, on empreinte la V\u00e9losc\u00e9nie qui relie Paris au Mont Saint-Michel! J&rsquo;ai test\u00e9 l&rsquo;itin\u00e9raire de Paris \u00e0 Chartres \u00e0 v\u00e9lo sur la V\u00e9losc\u00e9nie, sur 130km en 1 jour avec un retour en TER.<\/p>\n<figure id=\"attachment_5046\" aria-describedby=\"caption-attachment-5046\" style=\"width: 780px\" class=\"wp-caption aligncenter\"><img loading=\"lazy\" decoding=\"async\" class=\"size-large wp-image-5046\" src=\"https:\/\/mimieboutique.com\/wp-content\/uploads\/2022\/04\/20220327_195414_2-1024x461.jpg\" alt=\"Cath\u00e9drale Notre-Dame de Chartres\" width=\"780\" height=\"351\" srcset=\"https:\/\/mimieboutique.com\/wp-content\/uploads\/2022\/04\/20220327_195414_2-1024x461.jpg 1024w, https:\/\/mimieboutique.com\/wp-content\/uploads\/2022\/04\/20220327_195414_2-300x135.jpg 300w, https:\/\/mimieboutique.com\/wp-content\/uploads\/2022\/04\/20220327_195414_2-768x346.jpg 768w, https:\/\/mimieboutique.com\/wp-content\/uploads\/2022\/04\/20220327_195414_2-1536x692.jpg 1536w, https:\/\/mimieboutique.com\/wp-content\/uploads\/2022\/04\/20220327_195414_2-2048x922.jpg 2048w\" sizes=\"auto, (max-width: 780px) 100vw, 780px\" \/><figcaption id=\"caption-attachment-5046\" class=\"wp-caption-text\">Cath\u00e9drale Notre-Dame de Chartres<\/figcaption><\/figure>\n<h1>ASPECTS PRATIQUES<\/h1>\n<h2>LE PARCOURS DE PARIS \u00e0 CHARTRES \u00c0 V\u00c9LO<\/h2>\n<figure id=\"attachment_5077\" aria-describedby=\"caption-attachment-5077\" style=\"width: 277px\" class=\"wp-caption alignleft\"><img loading=\"lazy\" decoding=\"async\" class=\"wp-image-5077\" src=\"https:\/\/mimieboutique.com\/wp-content\/uploads\/2022\/04\/20220327_122341_2-602x1024.jpg\" alt=\"Piste cyclable Paris Chartres \u00e0 v\u00e9lo\" width=\"277\" height=\"471\" srcset=\"https:\/\/mimieboutique.com\/wp-content\/uploads\/2022\/04\/20220327_122341_2-602x1024.jpg 602w, https:\/\/mimieboutique.com\/wp-content\/uploads\/2022\/04\/20220327_122341_2-176x300.jpg 176w, https:\/\/mimieboutique.com\/wp-content\/uploads\/2022\/04\/20220327_122341_2-768x1306.jpg 768w, https:\/\/mimieboutique.com\/wp-content\/uploads\/2022\/04\/20220327_122341_2-903x1536.jpg 903w, https:\/\/mimieboutique.com\/wp-content\/uploads\/2022\/04\/20220327_122341_2-1204x2048.jpg 1204w, https:\/\/mimieboutique.com\/wp-content\/uploads\/2022\/04\/20220327_122341_2-scaled.jpg 1505w\" sizes=\"auto, (max-width: 277px) 100vw, 277px\" \/><figcaption id=\"caption-attachment-5077\" class=\"wp-caption-text\">Piste cyclable Paris Chartres \u00e0 v\u00e9lo<\/figcaption><\/figure>\n<p><strong>Longueur du parcours :<\/strong> 130km<\/p>\n<p><strong>Dur\u00e9e :<\/strong> 1 \u00e0 2 jours de v\u00e9lo<\/p>\n<p><strong>D\u00e9part :<\/strong> Paris (75) via <a href=\"https:\/\/mimieboutique.com\/index.php\/2021\/06\/15\/la-coulee-verte-a-velo\/\">la Coul\u00e9e Verte\u00a0<\/a><\/p>\n<p><strong>Niveau :<\/strong>\u00a0facile<\/p>\n<p><strong>Qualit\u00e9 de la route :<\/strong> bonne<\/p>\n<p><strong>Balisage :<\/strong> bon<\/p>\n<p><strong>Etapes &amp; logements :<\/strong>\u00a0Rambouillet se trouve au milieu de l&rsquo;itin\u00e9raire donc y faire une halte est une bonne id\u00e9e pour ceux qui souhaitent faire Paris-Chartres \u00e0 v\u00e9lo en 2 jours<\/p>\n<p><strong>Transports v\u00e9los : <\/strong>Tout le long de l&rsquo;itin\u00e9raire on ne se trouve jamais loin des transports, ce qi est pratique en cas de probl\u00e8me.<\/p>\n<p>Il y a le\u00a0RER B de Paris \u00e0 Massy ou Saint-R\u00e9my-L\u00e8s-Chevreuse et le TER Paris\/Chartres.<\/p>\n<h1>Itin\u00e9raire \u00e9tape par \u00e9tape<\/h1>\n<h2>De Paris \u00e0 Massy sur la Coul\u00e9e Verte \u00e0 v\u00e9lo<\/h2>\n<p>Pour aller de Paris \u00e0 Chartres \u00e0 v\u00e9lo sur la V\u00e9losc\u00e9nie, on prend l&rsquo;agr\u00e9able <a href=\"https:\/\/mimieboutique.com\/index.php\/2021\/06\/15\/la-coulee-verte-a-velo\/\">Coul\u00e9e Verte<\/a> jusqu&rsquo;\u00e0 Massy. J&rsquo;ai consacr\u00e9 un article complet sur cet itin\u00e9raire qui est une belle balade de 12km que je vous conseille.\u00a0 La Coul\u00e9e verte permet de travaerser \u00e0 v\u00e9lo toute la banlieue sur de Paris de 92 au 91 sur piste cyclable, sans voitures et au milieu de squares et parcs comme le parc de Sceaux.<\/p>\n<figure id=\"attachment_3121\" aria-describedby=\"caption-attachment-3121\" style=\"width: 780px\" class=\"wp-caption aligncenter\"><img loading=\"lazy\" decoding=\"async\" class=\"size-large wp-image-3121\" src=\"https:\/\/mimieboutique.com\/wp-content\/uploads\/2021\/06\/20210614_164314-1024x768.jpg\" alt=\"Croisement pour la suite de la Coul\u00e9e Verte ou le parc Heller\" width=\"780\" height=\"585\" srcset=\"https:\/\/mimieboutique.com\/wp-content\/uploads\/2021\/06\/20210614_164314-1024x768.jpg 1024w, https:\/\/mimieboutique.com\/wp-content\/uploads\/2021\/06\/20210614_164314-300x225.jpg 300w, https:\/\/mimieboutique.com\/wp-content\/uploads\/2021\/06\/20210614_164314-768x576.jpg 768w, https:\/\/mimieboutique.com\/wp-content\/uploads\/2021\/06\/20210614_164314-1536x1152.jpg 1536w, https:\/\/mimieboutique.com\/wp-content\/uploads\/2021\/06\/20210614_164314-2048x1536.jpg 2048w\" sizes=\"auto, (max-width: 780px) 100vw, 780px\" \/><figcaption id=\"caption-attachment-3121\" class=\"wp-caption-text\">Croisement de la Coul\u00e9e Verte au parc Heller<\/figcaption><\/figure>\n<h2>Le Long de la Bi\u00e8vre<\/h2>\n<p>La Bi\u00e8vre est un affluent m\u00e9connu de la Seine. Jadis, elle se jetait dans la Seine \u00e0 Paris mais aujourd&rsquo;hui elle est enterr\u00e9e. On peut la retrouver en proche banlieue \u00e0 Cachan sur une promenade recr\u00e9\u00e9e qui la suit. Mais elle est plus visible dans le 91, sous sa forme naturelle. La promenade est tr\u00e8s belle et on la voit \u00e0 partir de la fin de la Coul\u00e9e Verte \u00e0 Massy. La piste cyclable flirte avec elle juqu&rsquo;\u00e0 Buc dans le 78.<\/p>\n<p><img loading=\"lazy\" decoding=\"async\" class=\"aligncenter size-large wp-image-5073\" src=\"https:\/\/mimieboutique.com\/wp-content\/uploads\/2022\/04\/20190728_180907-1024x768.jpg\" alt=\"\" width=\"780\" height=\"585\" srcset=\"https:\/\/mimieboutique.com\/wp-content\/uploads\/2022\/04\/20190728_180907-1024x768.jpg 1024w, https:\/\/mimieboutique.com\/wp-content\/uploads\/2022\/04\/20190728_180907-300x225.jpg 300w, https:\/\/mimieboutique.com\/wp-content\/uploads\/2022\/04\/20190728_180907-768x576.jpg 768w, https:\/\/mimieboutique.com\/wp-content\/uploads\/2022\/04\/20190728_180907-1536x1152.jpg 1536w, https:\/\/mimieboutique.com\/wp-content\/uploads\/2022\/04\/20190728_180907-2048x1536.jpg 2048w\" sizes=\"auto, (max-width: 780px) 100vw, 780px\" \/><\/p>\n<p><img loading=\"lazy\" decoding=\"async\" class=\"aligncenter size-large wp-image-5074\" src=\"https:\/\/mimieboutique.com\/wp-content\/uploads\/2022\/04\/20190728_182820-1024x768.jpg\" alt=\"\" width=\"780\" height=\"585\" srcset=\"https:\/\/mimieboutique.com\/wp-content\/uploads\/2022\/04\/20190728_182820-1024x768.jpg 1024w, https:\/\/mimieboutique.com\/wp-content\/uploads\/2022\/04\/20190728_182820-300x225.jpg 300w, https:\/\/mimieboutique.com\/wp-content\/uploads\/2022\/04\/20190728_182820-768x576.jpg 768w, https:\/\/mimieboutique.com\/wp-content\/uploads\/2022\/04\/20190728_182820-1536x1152.jpg 1536w, https:\/\/mimieboutique.com\/wp-content\/uploads\/2022\/04\/20190728_182820-2048x1536.jpg 2048w\" sizes=\"auto, (max-width: 780px) 100vw, 780px\" \/><\/p>\n<figure id=\"attachment_5075\" aria-describedby=\"caption-attachment-5075\" style=\"width: 780px\" class=\"wp-caption aligncenter\"><img loading=\"lazy\" decoding=\"async\" class=\"wp-image-5075 size-large\" title=\"La Bi\u00e8vre du 78\" src=\"https:\/\/mimieboutique.com\/wp-content\/uploads\/2022\/04\/20190728_182224-1024x768.jpg\" alt=\"La Bi\u00e8vre du 78\" width=\"780\" height=\"585\" srcset=\"https:\/\/mimieboutique.com\/wp-content\/uploads\/2022\/04\/20190728_182224-1024x768.jpg 1024w, https:\/\/mimieboutique.com\/wp-content\/uploads\/2022\/04\/20190728_182224-300x225.jpg 300w, https:\/\/mimieboutique.com\/wp-content\/uploads\/2022\/04\/20190728_182224-768x576.jpg 768w, https:\/\/mimieboutique.com\/wp-content\/uploads\/2022\/04\/20190728_182224-1536x1152.jpg 1536w, https:\/\/mimieboutique.com\/wp-content\/uploads\/2022\/04\/20190728_182224-2048x1536.jpg 2048w\" sizes=\"auto, (max-width: 780px) 100vw, 780px\" \/><figcaption id=\"caption-attachment-5075\" class=\"wp-caption-text\">La Bi\u00e8vre du 78<\/figcaption><\/figure>\n<h2>Versailles, ou pas!<\/h2>\n<p>Bon, c&rsquo;\u00e9tait s\u00fbr, nous nous sommes perdus! Voil\u00e0 ce qui se passe quand on ne s&rsquo;organise pas et quand on met G\u00e9ov\u00e9lo qui a francheent tendance \u00e0 prendre des itin\u00e9raires bizarres&#8230;<\/p>\n<p>Donc au lieu de passer par Saint-R\u00e9my-l\u00e8s-Chevreuses et Versailles, nous avons emprunt\u00e9 un autre itin\u00e9raire via Saint-Quentin-en-Yvelines&#8230; Heureusement sur pistes cyclable et heureusement avec de beaux cerisiers en fleurs. Evidemment, comme toujours quand on se perd, nous avons eu un tron\u00e7on affreux, le long d&rsquo;une 2 fois 2 voies \u00e0 Trappes! Tr\u00e8s fatigant&#8230;<\/p>\n<p><img loading=\"lazy\" decoding=\"async\" class=\"aligncenter size-large wp-image-5068\" src=\"https:\/\/mimieboutique.com\/wp-content\/uploads\/2022\/04\/20220327_124222_2-1024x550.jpg\" alt=\"\" width=\"780\" height=\"419\" srcset=\"https:\/\/mimieboutique.com\/wp-content\/uploads\/2022\/04\/20220327_124222_2-1024x550.jpg 1024w, https:\/\/mimieboutique.com\/wp-content\/uploads\/2022\/04\/20220327_124222_2-300x161.jpg 300w, https:\/\/mimieboutique.com\/wp-content\/uploads\/2022\/04\/20220327_124222_2-768x413.jpg 768w, https:\/\/mimieboutique.com\/wp-content\/uploads\/2022\/04\/20220327_124222_2-1536x825.jpg 1536w, https:\/\/mimieboutique.com\/wp-content\/uploads\/2022\/04\/20220327_124222_2-2048x1100.jpg 2048w\" sizes=\"auto, (max-width: 780px) 100vw, 780px\" \/><\/p>\n<p><img loading=\"lazy\" decoding=\"async\" class=\"aligncenter size-large wp-image-5069\" src=\"https:\/\/mimieboutique.com\/wp-content\/uploads\/2022\/04\/20220327_122346_2-1024x621.jpg\" alt=\"\" width=\"780\" height=\"473\" srcset=\"https:\/\/mimieboutique.com\/wp-content\/uploads\/2022\/04\/20220327_122346_2-1024x621.jpg 1024w, https:\/\/mimieboutique.com\/wp-content\/uploads\/2022\/04\/20220327_122346_2-300x182.jpg 300w, https:\/\/mimieboutique.com\/wp-content\/uploads\/2022\/04\/20220327_122346_2-768x466.jpg 768w, https:\/\/mimieboutique.com\/wp-content\/uploads\/2022\/04\/20220327_122346_2-1536x931.jpg 1536w, https:\/\/mimieboutique.com\/wp-content\/uploads\/2022\/04\/20220327_122346_2-2048x1242.jpg 2048w\" sizes=\"auto, (max-width: 780px) 100vw, 780px\" \/><\/p>\n<h2>Apr\u00e8s le vacarme, le village enchanteur<\/h2>\n<p>Nous avons enfin quitt\u00e9 le vacarme de la route et nous sommes retrouv\u00e9s dans un endroit charmant. L&rsquo;endroit \u00e9tait de surcroit peupl\u00e9 de pirates et de princesses! <a href=\"http:\/\/www.rambouillet-tourisme.fr\/fr\/information-touristique\/carnaval-pirates-et-princesses-les-essarts-le-roi.html?no_cache=1\">Un carnaval<\/a> avait lieu ce dimanche 27 mars. Nous nous sommes arr\u00eat\u00e9s dans le square de l&rsquo;\u00e9glise pour d\u00e9jeuner. Bien que non loin de Rambouillet, nous n&rsquo;avons pas visit\u00e9 la ville. Voil\u00e0 peut-\u00eatre une bonne raison de faire l&rsquo;itin\u00e9raire sur 2 jours avec quelques d\u00e9tours suppl\u00e9mentaires \u00e0 Versailles, Rambouillet et Maintenon.<\/p>\n<p><img loading=\"lazy\" decoding=\"async\" class=\"aligncenter size-large wp-image-5067\" src=\"https:\/\/mimieboutique.com\/wp-content\/uploads\/2022\/04\/20220327_145241_2-1024x461.jpg\" alt=\"\" width=\"780\" height=\"351\" srcset=\"https:\/\/mimieboutique.com\/wp-content\/uploads\/2022\/04\/20220327_145241_2-1024x461.jpg 1024w, https:\/\/mimieboutique.com\/wp-content\/uploads\/2022\/04\/20220327_145241_2-300x135.jpg 300w, https:\/\/mimieboutique.com\/wp-content\/uploads\/2022\/04\/20220327_145241_2-768x346.jpg 768w, https:\/\/mimieboutique.com\/wp-content\/uploads\/2022\/04\/20220327_145241_2-1536x692.jpg 1536w, https:\/\/mimieboutique.com\/wp-content\/uploads\/2022\/04\/20220327_145241_2-2048x922.jpg 2048w\" sizes=\"auto, (max-width: 780px) 100vw, 780px\" \/><\/p>\n<h2>La for\u00eat de Rambouillet<\/h2>\n<p>Nous avons eu le bonheur de traverser une partie de la for\u00eat de Rambouillet. C&rsquo;est toujours surprenant de voir toutes les routes et tous les sentiers qui traversent nos grandes for\u00eats. Ils donnent l&rsquo;occasion d&rsquo;\u00eatre en pleine nature tout en pouvant rouler correctement! Une partie de plaisir!<\/p>\n<p>Evidemment, nous avons aussi eu un petit bug du GPS avec quelques travers\u00e9es de champs &#8230; Et une crevaison! Mais, \u00e9tant seuls dans la nature, ce fut vite oubli\u00e9.<\/p>\n<p><img loading=\"lazy\" decoding=\"async\" class=\"aligncenter size-large wp-image-5064\" src=\"https:\/\/mimieboutique.com\/wp-content\/uploads\/2022\/04\/20220327_153557-1024x461.jpg\" alt=\"\" width=\"780\" height=\"351\" srcset=\"https:\/\/mimieboutique.com\/wp-content\/uploads\/2022\/04\/20220327_153557-1024x461.jpg 1024w, https:\/\/mimieboutique.com\/wp-content\/uploads\/2022\/04\/20220327_153557-300x135.jpg 300w, https:\/\/mimieboutique.com\/wp-content\/uploads\/2022\/04\/20220327_153557-768x346.jpg 768w, https:\/\/mimieboutique.com\/wp-content\/uploads\/2022\/04\/20220327_153557-1536x692.jpg 1536w, https:\/\/mimieboutique.com\/wp-content\/uploads\/2022\/04\/20220327_153557-2048x922.jpg 2048w\" sizes=\"auto, (max-width: 780px) 100vw, 780px\" \/><\/p>\n<p><img loading=\"lazy\" decoding=\"async\" class=\"aligncenter size-large wp-image-5063\" src=\"https:\/\/mimieboutique.com\/wp-content\/uploads\/2022\/04\/20220327_162423-1024x461.jpg\" alt=\"\" width=\"780\" height=\"351\" srcset=\"https:\/\/mimieboutique.com\/wp-content\/uploads\/2022\/04\/20220327_162423-1024x461.jpg 1024w, https:\/\/mimieboutique.com\/wp-content\/uploads\/2022\/04\/20220327_162423-300x135.jpg 300w, https:\/\/mimieboutique.com\/wp-content\/uploads\/2022\/04\/20220327_162423-768x346.jpg 768w, https:\/\/mimieboutique.com\/wp-content\/uploads\/2022\/04\/20220327_162423-1536x692.jpg 1536w, https:\/\/mimieboutique.com\/wp-content\/uploads\/2022\/04\/20220327_162423-2048x922.jpg 2048w\" sizes=\"auto, (max-width: 780px) 100vw, 780px\" \/><\/p>\n<p><img loading=\"lazy\" decoding=\"async\" class=\"aligncenter size-large wp-image-5062\" src=\"https:\/\/mimieboutique.com\/wp-content\/uploads\/2022\/04\/20220327_170807_2-1024x461.jpg\" alt=\"\" width=\"780\" height=\"351\" srcset=\"https:\/\/mimieboutique.com\/wp-content\/uploads\/2022\/04\/20220327_170807_2-1024x461.jpg 1024w, https:\/\/mimieboutique.com\/wp-content\/uploads\/2022\/04\/20220327_170807_2-300x135.jpg 300w, https:\/\/mimieboutique.com\/wp-content\/uploads\/2022\/04\/20220327_170807_2-768x346.jpg 768w, https:\/\/mimieboutique.com\/wp-content\/uploads\/2022\/04\/20220327_170807_2-1536x692.jpg 1536w, https:\/\/mimieboutique.com\/wp-content\/uploads\/2022\/04\/20220327_170807_2-2048x922.jpg 2048w\" sizes=\"auto, (max-width: 780px) 100vw, 780px\" \/><\/p>\n<p><img loading=\"lazy\" decoding=\"async\" class=\"aligncenter size-large wp-image-5061\" src=\"https:\/\/mimieboutique.com\/wp-content\/uploads\/2022\/04\/20220327_170819_2-1024x461.jpg\" alt=\"\" width=\"780\" height=\"351\" srcset=\"https:\/\/mimieboutique.com\/wp-content\/uploads\/2022\/04\/20220327_170819_2-1024x461.jpg 1024w, https:\/\/mimieboutique.com\/wp-content\/uploads\/2022\/04\/20220327_170819_2-300x135.jpg 300w, https:\/\/mimieboutique.com\/wp-content\/uploads\/2022\/04\/20220327_170819_2-768x346.jpg 768w, https:\/\/mimieboutique.com\/wp-content\/uploads\/2022\/04\/20220327_170819_2-1536x692.jpg 1536w, https:\/\/mimieboutique.com\/wp-content\/uploads\/2022\/04\/20220327_170819_2-2048x922.jpg 2048w\" sizes=\"auto, (max-width: 780px) 100vw, 780px\" \/><\/p>\n<p><img loading=\"lazy\" decoding=\"async\" class=\"aligncenter size-large wp-image-5060\" src=\"https:\/\/mimieboutique.com\/wp-content\/uploads\/2022\/04\/20220327_170825_2-1024x461.jpg\" alt=\"\" width=\"780\" height=\"351\" srcset=\"https:\/\/mimieboutique.com\/wp-content\/uploads\/2022\/04\/20220327_170825_2-1024x461.jpg 1024w, https:\/\/mimieboutique.com\/wp-content\/uploads\/2022\/04\/20220327_170825_2-300x135.jpg 300w, https:\/\/mimieboutique.com\/wp-content\/uploads\/2022\/04\/20220327_170825_2-768x346.jpg 768w, https:\/\/mimieboutique.com\/wp-content\/uploads\/2022\/04\/20220327_170825_2-1536x692.jpg 1536w, https:\/\/mimieboutique.com\/wp-content\/uploads\/2022\/04\/20220327_170825_2-2048x922.jpg 2048w\" sizes=\"auto, (max-width: 780px) 100vw, 780px\" \/><\/p>\n<h2>Emerveillement sur la route<\/h2>\n<p>Nous aurons eu plusieurs moments d&rsquo;\u00e9merveillement sur la route. Ruisseaux, villages, belles maisons, moulins&#8230; Cet itin\u00e9raire de Paris \u00e0 Chartres \u00e0 v\u00e9lo sur la V\u00e9losc\u00e9nie, donne envie de continue jusqu&rsquo;au Mont Saint-Michel!<\/p>\n<p>Voici quelques photos de surprises qu&rsquo;il r\u00e9serve.<\/p>\n<p><img loading=\"lazy\" decoding=\"async\" class=\"aligncenter size-large wp-image-5059\" src=\"https:\/\/mimieboutique.com\/wp-content\/uploads\/2022\/04\/20220327_173326-1024x461.jpg\" alt=\"\" width=\"780\" height=\"351\" srcset=\"https:\/\/mimieboutique.com\/wp-content\/uploads\/2022\/04\/20220327_173326-1024x461.jpg 1024w, https:\/\/mimieboutique.com\/wp-content\/uploads\/2022\/04\/20220327_173326-300x135.jpg 300w, https:\/\/mimieboutique.com\/wp-content\/uploads\/2022\/04\/20220327_173326-768x346.jpg 768w, https:\/\/mimieboutique.com\/wp-content\/uploads\/2022\/04\/20220327_173326-1536x692.jpg 1536w, https:\/\/mimieboutique.com\/wp-content\/uploads\/2022\/04\/20220327_173326-2048x922.jpg 2048w\" sizes=\"auto, (max-width: 780px) 100vw, 780px\" \/><\/p>\n<p><img loading=\"lazy\" decoding=\"async\" class=\"aligncenter size-large wp-image-5058\" src=\"https:\/\/mimieboutique.com\/wp-content\/uploads\/2022\/04\/20220327_173405_3-1024x606.jpg\" alt=\"\" width=\"780\" height=\"462\" srcset=\"https:\/\/mimieboutique.com\/wp-content\/uploads\/2022\/04\/20220327_173405_3-1024x606.jpg 1024w, https:\/\/mimieboutique.com\/wp-content\/uploads\/2022\/04\/20220327_173405_3-300x177.jpg 300w, https:\/\/mimieboutique.com\/wp-content\/uploads\/2022\/04\/20220327_173405_3-768x454.jpg 768w, https:\/\/mimieboutique.com\/wp-content\/uploads\/2022\/04\/20220327_173405_3-1536x909.jpg 1536w, https:\/\/mimieboutique.com\/wp-content\/uploads\/2022\/04\/20220327_173405_3-2048x1212.jpg 2048w\" sizes=\"auto, (max-width: 780px) 100vw, 780px\" \/><\/p>\n<p><img loading=\"lazy\" decoding=\"async\" class=\"aligncenter size-large wp-image-5057\" src=\"https:\/\/mimieboutique.com\/wp-content\/uploads\/2022\/04\/20220327_174343-1024x461.jpg\" alt=\"\" width=\"780\" height=\"351\" srcset=\"https:\/\/mimieboutique.com\/wp-content\/uploads\/2022\/04\/20220327_174343-1024x461.jpg 1024w, https:\/\/mimieboutique.com\/wp-content\/uploads\/2022\/04\/20220327_174343-300x135.jpg 300w, https:\/\/mimieboutique.com\/wp-content\/uploads\/2022\/04\/20220327_174343-768x346.jpg 768w, https:\/\/mimieboutique.com\/wp-content\/uploads\/2022\/04\/20220327_174343-1536x692.jpg 1536w, https:\/\/mimieboutique.com\/wp-content\/uploads\/2022\/04\/20220327_174343-2048x922.jpg 2048w\" sizes=\"auto, (max-width: 780px) 100vw, 780px\" \/><\/p>\n<p><img loading=\"lazy\" decoding=\"async\" class=\"aligncenter size-large wp-image-5056\" src=\"https:\/\/mimieboutique.com\/wp-content\/uploads\/2022\/04\/20220327_175552_2-1024x461.jpg\" alt=\"\" width=\"780\" height=\"351\" srcset=\"https:\/\/mimieboutique.com\/wp-content\/uploads\/2022\/04\/20220327_175552_2-1024x461.jpg 1024w, https:\/\/mimieboutique.com\/wp-content\/uploads\/2022\/04\/20220327_175552_2-300x135.jpg 300w, https:\/\/mimieboutique.com\/wp-content\/uploads\/2022\/04\/20220327_175552_2-768x346.jpg 768w, https:\/\/mimieboutique.com\/wp-content\/uploads\/2022\/04\/20220327_175552_2-1536x692.jpg 1536w, https:\/\/mimieboutique.com\/wp-content\/uploads\/2022\/04\/20220327_175552_2-2048x922.jpg 2048w\" sizes=\"auto, (max-width: 780px) 100vw, 780px\" \/><\/p>\n<p><img loading=\"lazy\" decoding=\"async\" class=\"aligncenter size-large wp-image-5055\" src=\"https:\/\/mimieboutique.com\/wp-content\/uploads\/2022\/04\/20220327_175736-1024x461.jpg\" alt=\"\" width=\"780\" height=\"351\" srcset=\"https:\/\/mimieboutique.com\/wp-content\/uploads\/2022\/04\/20220327_175736-1024x461.jpg 1024w, https:\/\/mimieboutique.com\/wp-content\/uploads\/2022\/04\/20220327_175736-300x135.jpg 300w, https:\/\/mimieboutique.com\/wp-content\/uploads\/2022\/04\/20220327_175736-768x346.jpg 768w, https:\/\/mimieboutique.com\/wp-content\/uploads\/2022\/04\/20220327_175736-1536x692.jpg 1536w, https:\/\/mimieboutique.com\/wp-content\/uploads\/2022\/04\/20220327_175736-2048x922.jpg 2048w\" sizes=\"auto, (max-width: 780px) 100vw, 780px\" \/><\/p>\n<h2>On approche du but<\/h2>\n<p>Evidemment pour un parcours de 130km en une journ\u00e9e, on est content d&rsquo;arriver. Et les endorphines participent \u00e0 la joie ressentie&#8230;Avec la perspective de manger et de se reposer enfin! Les abords de Chartres sont tr\u00e8s sympathiques, nous avons ainsi fait une halte \u00e0 quelques kilom\u00e8tres de la ville le long d&rsquo;une rivi\u00e8re et de son lavoir. En arrivant \u00e0 Chartres, on longe par sa banlieue l&rsquo;Eure, le long d&rsquo;une agr\u00e9able promenade.<\/p>\n<p>&nbsp;<\/p>\n<p><img loading=\"lazy\" decoding=\"async\" class=\"aligncenter size-large wp-image-5052\" src=\"https:\/\/mimieboutique.com\/wp-content\/uploads\/2022\/04\/20220327_184201_2-1024x461.jpg\" alt=\"\" width=\"780\" height=\"351\" srcset=\"https:\/\/mimieboutique.com\/wp-content\/uploads\/2022\/04\/20220327_184201_2-1024x461.jpg 1024w, https:\/\/mimieboutique.com\/wp-content\/uploads\/2022\/04\/20220327_184201_2-300x135.jpg 300w, https:\/\/mimieboutique.com\/wp-content\/uploads\/2022\/04\/20220327_184201_2-768x346.jpg 768w, https:\/\/mimieboutique.com\/wp-content\/uploads\/2022\/04\/20220327_184201_2-1536x692.jpg 1536w, https:\/\/mimieboutique.com\/wp-content\/uploads\/2022\/04\/20220327_184201_2-2048x922.jpg 2048w\" sizes=\"auto, (max-width: 780px) 100vw, 780px\" \/><\/p>\n<p><img loading=\"lazy\" decoding=\"async\" class=\"aligncenter size-large wp-image-5050\" src=\"https:\/\/mimieboutique.com\/wp-content\/uploads\/2022\/04\/20220327_190841_2-1024x461.jpg\" alt=\"\" width=\"780\" height=\"351\" srcset=\"https:\/\/mimieboutique.com\/wp-content\/uploads\/2022\/04\/20220327_190841_2-1024x461.jpg 1024w, https:\/\/mimieboutique.com\/wp-content\/uploads\/2022\/04\/20220327_190841_2-300x135.jpg 300w, https:\/\/mimieboutique.com\/wp-content\/uploads\/2022\/04\/20220327_190841_2-768x346.jpg 768w, https:\/\/mimieboutique.com\/wp-content\/uploads\/2022\/04\/20220327_190841_2-1536x692.jpg 1536w, https:\/\/mimieboutique.com\/wp-content\/uploads\/2022\/04\/20220327_190841_2-2048x922.jpg 2048w\" sizes=\"auto, (max-width: 780px) 100vw, 780px\" \/><\/p>\n<h2>Ascension, Assomption<\/h2>\n<p>Puis, apoth\u00e9ose, la superbe <a href=\"https:\/\/www.cathedrale-chartres.org\/\">Cath\u00e9drale Notre-Dame de Chartres<\/a> se pr\u00e9sente \u00e0 nous, cyclistes du bas de la ville. Elle est perch\u00e9e sur les hauteurs de Chartres. Des ragondins, des forsythia, une barque, de belles maisons au bord de l&rsquo;Eure. C&rsquo;est bient\u00f4t l&rsquo;heure, un saule pleure, comme nous pleurons de devoir bient\u00f4t repartir et de subir l&rsquo;ascension qui nous m\u00e8nera \u00e0 l&rsquo;Assomption!<\/p>\n<p><img loading=\"lazy\" decoding=\"async\" class=\"aligncenter size-large wp-image-5047\" src=\"https:\/\/mimieboutique.com\/wp-content\/uploads\/2022\/04\/20220327_193908-1024x461.jpg\" alt=\"\" width=\"780\" height=\"351\" srcset=\"https:\/\/mimieboutique.com\/wp-content\/uploads\/2022\/04\/20220327_193908-1024x461.jpg 1024w, https:\/\/mimieboutique.com\/wp-content\/uploads\/2022\/04\/20220327_193908-300x135.jpg 300w, https:\/\/mimieboutique.com\/wp-content\/uploads\/2022\/04\/20220327_193908-768x346.jpg 768w, https:\/\/mimieboutique.com\/wp-content\/uploads\/2022\/04\/20220327_193908-1536x692.jpg 1536w, https:\/\/mimieboutique.com\/wp-content\/uploads\/2022\/04\/20220327_193908-2048x922.jpg 2048w\" sizes=\"auto, (max-width: 780px) 100vw, 780px\" \/><\/p>\n<figure id=\"attachment_5048\" aria-describedby=\"caption-attachment-5048\" style=\"width: 780px\" class=\"wp-caption aligncenter\"><img loading=\"lazy\" decoding=\"async\" class=\"wp-image-5048 size-large\" src=\"https:\/\/mimieboutique.com\/wp-content\/uploads\/2022\/04\/20220327_193844_2-1024x461.jpg\" alt=\"Chartres\" width=\"780\" height=\"351\" srcset=\"https:\/\/mimieboutique.com\/wp-content\/uploads\/2022\/04\/20220327_193844_2-1024x461.jpg 1024w, https:\/\/mimieboutique.com\/wp-content\/uploads\/2022\/04\/20220327_193844_2-300x135.jpg 300w, https:\/\/mimieboutique.com\/wp-content\/uploads\/2022\/04\/20220327_193844_2-768x346.jpg 768w, https:\/\/mimieboutique.com\/wp-content\/uploads\/2022\/04\/20220327_193844_2-1536x692.jpg 1536w, https:\/\/mimieboutique.com\/wp-content\/uploads\/2022\/04\/20220327_193844_2-2048x922.jpg 2048w\" sizes=\"auto, (max-width: 780px) 100vw, 780px\" \/><figcaption id=\"caption-attachment-5048\" class=\"wp-caption-text\">Chartres<\/figcaption><\/figure>\n<p>&nbsp;<\/p>\n<h2>Retour en TER de Chartres \u00e0 Paris avec les v\u00e9los<\/h2>\n<p>Ambiance SDF, j&rsquo;adore! Un petit Khebab bien appr\u00e9ci\u00e9 bien que m\u00e9diocre. Et hop! On monte dans le TER avec nos v\u00e9los. Mais l&rsquo;effort n&rsquo;est pas temrin\u00e9 puisque le train est bond\u00e9. Dimanche soir, dernier train, retour du weekend pour les parisiens&#8230; Voyage et v\u00e9los dans le couloir. Amis du soir bonsoir. Nous arrivons en 1h \u00e0 Montparnasse, Bienvenue! Et \u00e0 bient\u00f4t pour de nouvelles aventures \u00e0 dans <a href=\"https:\/\/mimieboutique.com\/index.php\/category\/velo\/\">ma rubrique v\u00e9lo.<\/a><\/p>\n<figure id=\"attachment_5045\" aria-describedby=\"caption-attachment-5045\" style=\"width: 780px\" class=\"wp-caption aligncenter\"><img loading=\"lazy\" decoding=\"async\" class=\"wp-image-5045 size-large\" src=\"https:\/\/mimieboutique.com\/wp-content\/uploads\/2022\/04\/20220327_195725_2-1024x461.jpg\" alt=\"Super parking\" width=\"780\" height=\"351\" srcset=\"https:\/\/mimieboutique.com\/wp-content\/uploads\/2022\/04\/20220327_195725_2-1024x461.jpg 1024w, https:\/\/mimieboutique.com\/wp-content\/uploads\/2022\/04\/20220327_195725_2-300x135.jpg 300w, https:\/\/mimieboutique.com\/wp-content\/uploads\/2022\/04\/20220327_195725_2-768x346.jpg 768w, https:\/\/mimieboutique.com\/wp-content\/uploads\/2022\/04\/20220327_195725_2-1536x692.jpg 1536w, https:\/\/mimieboutique.com\/wp-content\/uploads\/2022\/04\/20220327_195725_2-2048x922.jpg 2048w\" sizes=\"auto, (max-width: 780px) 100vw, 780px\" \/><figcaption id=\"caption-attachment-5045\" class=\"wp-caption-text\">Super parking<\/figcaption><\/figure>\n<h2 style=\"text-align: center;\">Pour conclure<\/h2>\n<p>Cet itin\u00e9raire a \u00e9t\u00e9 mon nouveau record de kilom\u00e8tres parcourus en 1 jour apr\u00e8s ma journ\u00e9e de 116km sur<a href=\"https:\/\/mimieboutique.com\/index.php\/2021\/06\/12\/eurovelo-8-la-mediterranee-a-velo\/\"> la M\u00e9diterran\u00e9e \u00e0 v\u00e9lo. <\/a>Je suis ravie d&rsquo;avoir pu r\u00e9aliser cela et contente de ce trajet. Je pense qu&rsquo;il peut aussi \u00eatre fait sur un weekend avec une escale \u00e0 rambouillet \u00e0 mi \u00e9tape. Cela permettrait de visiter Versailles, Rambouillet et Maintenon qui font partie du patrimoine fran\u00e7ais. Il est aussi toujours plus confortable d&rsquo;organiser le voyage \u00e0 l&rsquo;avance pour \u00e9viter de se perdre comme nous&#8230;Mais cela fait aussi partie de l&rsquo;aventure. J&rsquo;esp\u00e8re que ces quelques mots vous auront donn\u00e9 envie d&rsquo;aller de Paris \u00e0 Chartres \u00e0 v\u00e9lo sur la V\u00e9losc\u00e9nie. Bonne route!<\/p>\n<p>&nbsp;<\/p>\n<p>&nbsp;<\/p>\n<p>&nbsp;<\/p>\n","protected":false},"excerpt":{"rendered":"<p>L&rsquo;Ile de France offre de nombreux itin\u00e9raires \u00e0 v\u00e9lo de Paris \u00e0 la banlieue ou &hellip; <\/p>\n","protected":false},"author":3,"featured_media":5048,"comment_status":"closed","ping_status":"closed","sticky":false,"template":"","format":"standard","meta":{"give_campaign_id":0,"footnotes":""},"categories":[75,39,78],"tags":[],"class_list":["post-5040","post","type-post","status-publish","format-standard","has-post-thumbnail","hentry","category-a-paris","category-velo","category-veloscenie","latest_post"],"yoast_head":"<!-- This site is optimized with the Yoast SEO plugin v24.6 - https:\/\/yoast.com\/wordpress\/plugins\/seo\/ -->\n<title>De Paris \u00e0 Chartres \u00e0 v\u00e9lo sur la V\u00e9losc\u00e9nie - Mimie boutique<\/title>\n<meta name=\"description\" content=\"De Paris \u00e0 Chartres \u00e0 v\u00e9lo sur la V\u00e9losc\u00e9nie itin\u00e9raire \u00e9tape par \u00e9tape, Coul\u00e9e Verte, Rambouillet, retour en TER\" \/>\n<meta name=\"robots\" content=\"index, follow, max-snippet:-1, max-image-preview:large, max-video-preview:-1\" \/>\n<link rel=\"canonical\" href=\"https:\/\/mimieboutique.com\/index.php\/2022\/04\/10\/de-paris-a-chartres-a-velo\/\" \/>\n<meta property=\"og:locale\" content=\"fr_FR\" \/>\n<meta property=\"og:type\" content=\"article\" \/>\n<meta property=\"og:title\" content=\"De Paris \u00e0 Chartres \u00e0 v\u00e9lo sur la V\u00e9losc\u00e9nie - Mimie boutique\" \/>\n<meta property=\"og:description\" content=\"De Paris \u00e0 Chartres \u00e0 v\u00e9lo sur la V\u00e9losc\u00e9nie itin\u00e9raire \u00e9tape par \u00e9tape, Coul\u00e9e Verte, Rambouillet, retour en TER\" \/>\n<meta property=\"og:url\" content=\"https:\/\/mimieboutique.com\/index.php\/2022\/04\/10\/de-paris-a-chartres-a-velo\/\" \/>\n<meta property=\"og:site_name\" content=\"Mimie boutique\" \/>\n<meta property=\"article:published_time\" content=\"2022-04-10T10:53:14+00:00\" \/>\n<meta property=\"article:modified_time\" content=\"2025-11-24T13:51:08+00:00\" \/>\n<meta property=\"og:image\" content=\"https:\/\/mimieboutique.com\/wp-content\/uploads\/2022\/04\/20220327_193844_2-scaled.jpg\" \/>\n\t<meta property=\"og:image:width\" content=\"2560\" \/>\n\t<meta property=\"og:image:height\" content=\"1153\" \/>\n\t<meta property=\"og:image:type\" content=\"image\/jpeg\" \/>\n<meta name=\"author\" content=\"MM\" \/>\n<meta name=\"twitter:card\" content=\"summary_large_image\" \/>\n<meta name=\"twitter:label1\" content=\"\u00c9crit par\" \/>\n\t<meta name=\"twitter:data1\" content=\"MM\" \/>\n\t<meta name=\"twitter:label2\" content=\"Dur\u00e9e de lecture estim\u00e9e\" \/>\n\t<meta name=\"twitter:data2\" content=\"11 minutes\" \/>\n<script type=\"application\/ld+json\" class=\"yoast-schema-graph\">{\"@context\":\"https:\/\/schema.org\",\"@graph\":[{\"@type\":\"Article\",\"@id\":\"https:\/\/mimieboutique.com\/index.php\/2022\/04\/10\/de-paris-a-chartres-a-velo\/#article\",\"isPartOf\":{\"@id\":\"https:\/\/mimieboutique.com\/index.php\/2022\/04\/10\/de-paris-a-chartres-a-velo\/\"},\"author\":{\"name\":\"MM\",\"@id\":\"https:\/\/mimieboutique.com\/#\/schema\/person\/2980ae90223bc67c8c73ad733287165a\"},\"headline\":\"De Paris \u00e0 Chartres \u00e0 v\u00e9lo sur la V\u00e9losc\u00e9nie\",\"datePublished\":\"2022-04-10T10:53:14+00:00\",\"dateModified\":\"2025-11-24T13:51:08+00:00\",\"mainEntityOfPage\":{\"@id\":\"https:\/\/mimieboutique.com\/index.php\/2022\/04\/10\/de-paris-a-chartres-a-velo\/\"},\"wordCount\":1108,\"publisher\":{\"@id\":\"https:\/\/mimieboutique.com\/#organization\"},\"image\":{\"@id\":\"https:\/\/mimieboutique.com\/index.php\/2022\/04\/10\/de-paris-a-chartres-a-velo\/#primaryimage\"},\"thumbnailUrl\":\"https:\/\/mimieboutique.com\/wp-content\/uploads\/2022\/04\/20220327_193844_2-scaled.jpg\",\"articleSection\":[\"Depuis Paris\",\"V\u00e9lo\",\"V\u00e9losc\u00e9nie\"],\"inLanguage\":\"fr-FR\"},{\"@type\":\"WebPage\",\"@id\":\"https:\/\/mimieboutique.com\/index.php\/2022\/04\/10\/de-paris-a-chartres-a-velo\/\",\"url\":\"https:\/\/mimieboutique.com\/index.php\/2022\/04\/10\/de-paris-a-chartres-a-velo\/\",\"name\":\"De Paris \u00e0 Chartres \u00e0 v\u00e9lo sur la V\u00e9losc\u00e9nie - Mimie boutique\",\"isPartOf\":{\"@id\":\"https:\/\/mimieboutique.com\/#website\"},\"primaryImageOfPage\":{\"@id\":\"https:\/\/mimieboutique.com\/index.php\/2022\/04\/10\/de-paris-a-chartres-a-velo\/#primaryimage\"},\"image\":{\"@id\":\"https:\/\/mimieboutique.com\/index.php\/2022\/04\/10\/de-paris-a-chartres-a-velo\/#primaryimage\"},\"thumbnailUrl\":\"https:\/\/mimieboutique.com\/wp-content\/uploads\/2022\/04\/20220327_193844_2-scaled.jpg\",\"datePublished\":\"2022-04-10T10:53:14+00:00\",\"dateModified\":\"2025-11-24T13:51:08+00:00\",\"description\":\"De Paris \u00e0 Chartres \u00e0 v\u00e9lo sur la V\u00e9losc\u00e9nie itin\u00e9raire \u00e9tape par \u00e9tape, Coul\u00e9e Verte, Rambouillet, retour en TER\",\"breadcrumb\":{\"@id\":\"https:\/\/mimieboutique.com\/index.php\/2022\/04\/10\/de-paris-a-chartres-a-velo\/#breadcrumb\"},\"inLanguage\":\"fr-FR\",\"potentialAction\":[{\"@type\":\"ReadAction\",\"target\":[\"https:\/\/mimieboutique.com\/index.php\/2022\/04\/10\/de-paris-a-chartres-a-velo\/\"]}]},{\"@type\":\"ImageObject\",\"inLanguage\":\"fr-FR\",\"@id\":\"https:\/\/mimieboutique.com\/index.php\/2022\/04\/10\/de-paris-a-chartres-a-velo\/#primaryimage\",\"url\":\"https:\/\/mimieboutique.com\/wp-content\/uploads\/2022\/04\/20220327_193844_2-scaled.jpg\",\"contentUrl\":\"https:\/\/mimieboutique.com\/wp-content\/uploads\/2022\/04\/20220327_193844_2-scaled.jpg\",\"width\":2560,\"height\":1153},{\"@type\":\"BreadcrumbList\",\"@id\":\"https:\/\/mimieboutique.com\/index.php\/2022\/04\/10\/de-paris-a-chartres-a-velo\/#breadcrumb\",\"itemListElement\":[{\"@type\":\"ListItem\",\"position\":1,\"name\":\"Accueil\",\"item\":\"https:\/\/mimieboutique.com\/\"},{\"@type\":\"ListItem\",\"position\":2,\"name\":\"De Paris \u00e0 Chartres \u00e0 v\u00e9lo sur la V\u00e9losc\u00e9nie\"}]},{\"@type\":\"WebSite\",\"@id\":\"https:\/\/mimieboutique.com\/#website\",\"url\":\"https:\/\/mimieboutique.com\/\",\"name\":\"Mimie boutique\",\"description\":\"\",\"publisher\":{\"@id\":\"https:\/\/mimieboutique.com\/#organization\"},\"inLanguage\":\"fr-FR\"},{\"@type\":\"Organization\",\"@id\":\"https:\/\/mimieboutique.com\/#organization\",\"name\":\"Mimie boutique\",\"url\":\"https:\/\/mimieboutique.com\/\",\"logo\":{\"@type\":\"ImageObject\",\"inLanguage\":\"fr-FR\",\"@id\":\"https:\/\/mimieboutique.com\/#\/schema\/logo\/image\/\",\"url\":\"https:\/\/mimieboutique.com\/wp-content\/uploads\/2021\/07\/logo-Mimie-bboutique-mois-gras.png\",\"contentUrl\":\"https:\/\/mimieboutique.com\/wp-content\/uploads\/2021\/07\/logo-Mimie-bboutique-mois-gras.png\",\"width\":4000,\"height\":3000,\"caption\":\"Mimie boutique\"},\"image\":{\"@id\":\"https:\/\/mimieboutique.com\/#\/schema\/logo\/image\/\"}},{\"@type\":\"Person\",\"@id\":\"https:\/\/mimieboutique.com\/#\/schema\/person\/2980ae90223bc67c8c73ad733287165a\",\"name\":\"MM\",\"image\":{\"@type\":\"ImageObject\",\"inLanguage\":\"fr-FR\",\"@id\":\"https:\/\/mimieboutique.com\/#\/schema\/person\/image\/\",\"url\":\"https:\/\/secure.gravatar.com\/avatar\/8c0517355ee058ff67715c6bf85d872c?s=96&d=mm&r=g\",\"contentUrl\":\"https:\/\/secure.gravatar.com\/avatar\/8c0517355ee058ff67715c6bf85d872c?s=96&d=mm&r=g\",\"caption\":\"MM\"},\"url\":\"https:\/\/mimieboutique.com\/index.php\/author\/elise\/\"}]}<\/script>\n<!-- \/ Yoast SEO plugin. -->","yoast_head_json":{"title":"De Paris \u00e0 Chartres \u00e0 v\u00e9lo sur la V\u00e9losc\u00e9nie - Mimie boutique","description":"De Paris \u00e0 Chartres \u00e0 v\u00e9lo sur la V\u00e9losc\u00e9nie itin\u00e9raire \u00e9tape par \u00e9tape, Coul\u00e9e Verte, Rambouillet, retour en TER","robots":{"index":"index","follow":"follow","max-snippet":"max-snippet:-1","max-image-preview":"max-image-preview:large","max-video-preview":"max-video-preview:-1"},"canonical":"https:\/\/mimieboutique.com\/index.php\/2022\/04\/10\/de-paris-a-chartres-a-velo\/","og_locale":"fr_FR","og_type":"article","og_title":"De Paris \u00e0 Chartres \u00e0 v\u00e9lo sur la V\u00e9losc\u00e9nie - Mimie boutique","og_description":"De Paris \u00e0 Chartres \u00e0 v\u00e9lo sur la V\u00e9losc\u00e9nie itin\u00e9raire \u00e9tape par \u00e9tape, Coul\u00e9e Verte, Rambouillet, retour en TER","og_url":"https:\/\/mimieboutique.com\/index.php\/2022\/04\/10\/de-paris-a-chartres-a-velo\/","og_site_name":"Mimie boutique","article_published_time":"2022-04-10T10:53:14+00:00","article_modified_time":"2025-11-24T13:51:08+00:00","og_image":[{"width":2560,"height":1153,"url":"https:\/\/mimieboutique.com\/wp-content\/uploads\/2022\/04\/20220327_193844_2-scaled.jpg","type":"image\/jpeg"}],"author":"MM","twitter_card":"summary_large_image","twitter_misc":{"\u00c9crit par":"MM","Dur\u00e9e de lecture estim\u00e9e":"11 minutes"},"schema":{"@context":"https:\/\/schema.org","@graph":[{"@type":"Article","@id":"https:\/\/mimieboutique.com\/index.php\/2022\/04\/10\/de-paris-a-chartres-a-velo\/#article","isPartOf":{"@id":"https:\/\/mimieboutique.com\/index.php\/2022\/04\/10\/de-paris-a-chartres-a-velo\/"},"author":{"name":"MM","@id":"https:\/\/mimieboutique.com\/#\/schema\/person\/2980ae90223bc67c8c73ad733287165a"},"headline":"De Paris \u00e0 Chartres \u00e0 v\u00e9lo sur la V\u00e9losc\u00e9nie","datePublished":"2022-04-10T10:53:14+00:00","dateModified":"2025-11-24T13:51:08+00:00","mainEntityOfPage":{"@id":"https:\/\/mimieboutique.com\/index.php\/2022\/04\/10\/de-paris-a-chartres-a-velo\/"},"wordCount":1108,"publisher":{"@id":"https:\/\/mimieboutique.com\/#organization"},"image":{"@id":"https:\/\/mimieboutique.com\/index.php\/2022\/04\/10\/de-paris-a-chartres-a-velo\/#primaryimage"},"thumbnailUrl":"https:\/\/mimieboutique.com\/wp-content\/uploads\/2022\/04\/20220327_193844_2-scaled.jpg","articleSection":["Depuis Paris","V\u00e9lo","V\u00e9losc\u00e9nie"],"inLanguage":"fr-FR"},{"@type":"WebPage","@id":"https:\/\/mimieboutique.com\/index.php\/2022\/04\/10\/de-paris-a-chartres-a-velo\/","url":"https:\/\/mimieboutique.com\/index.php\/2022\/04\/10\/de-paris-a-chartres-a-velo\/","name":"De Paris \u00e0 Chartres \u00e0 v\u00e9lo sur la V\u00e9losc\u00e9nie - Mimie boutique","isPartOf":{"@id":"https:\/\/mimieboutique.com\/#website"},"primaryImageOfPage":{"@id":"https:\/\/mimieboutique.com\/index.php\/2022\/04\/10\/de-paris-a-chartres-a-velo\/#primaryimage"},"image":{"@id":"https:\/\/mimieboutique.com\/index.php\/2022\/04\/10\/de-paris-a-chartres-a-velo\/#primaryimage"},"thumbnailUrl":"https:\/\/mimieboutique.com\/wp-content\/uploads\/2022\/04\/20220327_193844_2-scaled.jpg","datePublished":"2022-04-10T10:53:14+00:00","dateModified":"2025-11-24T13:51:08+00:00","description":"De Paris \u00e0 Chartres \u00e0 v\u00e9lo sur la V\u00e9losc\u00e9nie itin\u00e9raire \u00e9tape par \u00e9tape, Coul\u00e9e Verte, Rambouillet, retour en TER","breadcrumb":{"@id":"https:\/\/mimieboutique.com\/index.php\/2022\/04\/10\/de-paris-a-chartres-a-velo\/#breadcrumb"},"inLanguage":"fr-FR","potentialAction":[{"@type":"ReadAction","target":["https:\/\/mimieboutique.com\/index.php\/2022\/04\/10\/de-paris-a-chartres-a-velo\/"]}]},{"@type":"ImageObject","inLanguage":"fr-FR","@id":"https:\/\/mimieboutique.com\/index.php\/2022\/04\/10\/de-paris-a-chartres-a-velo\/#primaryimage","url":"https:\/\/mimieboutique.com\/wp-content\/uploads\/2022\/04\/20220327_193844_2-scaled.jpg","contentUrl":"https:\/\/mimieboutique.com\/wp-content\/uploads\/2022\/04\/20220327_193844_2-scaled.jpg","width":2560,"height":1153},{"@type":"BreadcrumbList","@id":"https:\/\/mimieboutique.com\/index.php\/2022\/04\/10\/de-paris-a-chartres-a-velo\/#breadcrumb","itemListElement":[{"@type":"ListItem","position":1,"name":"Accueil","item":"https:\/\/mimieboutique.com\/"},{"@type":"ListItem","position":2,"name":"De Paris \u00e0 Chartres \u00e0 v\u00e9lo sur la V\u00e9losc\u00e9nie"}]},{"@type":"WebSite","@id":"https:\/\/mimieboutique.com\/#website","url":"https:\/\/mimieboutique.com\/","name":"Mimie boutique","description":"","publisher":{"@id":"https:\/\/mimieboutique.com\/#organization"},"inLanguage":"fr-FR"},{"@type":"Organization","@id":"https:\/\/mimieboutique.com\/#organization","name":"Mimie boutique","url":"https:\/\/mimieboutique.com\/","logo":{"@type":"ImageObject","inLanguage":"fr-FR","@id":"https:\/\/mimieboutique.com\/#\/schema\/logo\/image\/","url":"https:\/\/mimieboutique.com\/wp-content\/uploads\/2021\/07\/logo-Mimie-bboutique-mois-gras.png","contentUrl":"https:\/\/mimieboutique.com\/wp-content\/uploads\/2021\/07\/logo-Mimie-bboutique-mois-gras.png","width":4000,"height":3000,"caption":"Mimie boutique"},"image":{"@id":"https:\/\/mimieboutique.com\/#\/schema\/logo\/image\/"}},{"@type":"Person","@id":"https:\/\/mimieboutique.com\/#\/schema\/person\/2980ae90223bc67c8c73ad733287165a","name":"MM","image":{"@type":"ImageObject","inLanguage":"fr-FR","@id":"https:\/\/mimieboutique.com\/#\/schema\/person\/image\/","url":"https:\/\/secure.gravatar.com\/avatar\/8c0517355ee058ff67715c6bf85d872c?s=96&d=mm&r=g","contentUrl":"https:\/\/secure.gravatar.com\/avatar\/8c0517355ee058ff67715c6bf85d872c?s=96&d=mm&r=g","caption":"MM"},"url":"https:\/\/mimieboutique.com\/index.php\/author\/elise\/"}]}},"_links":{"self":[{"href":"https:\/\/mimieboutique.com\/index.php\/wp-json\/wp\/v2\/posts\/5040","targetHints":{"allow":["GET"]}}],"collection":[{"href":"https:\/\/mimieboutique.com\/index.php\/wp-json\/wp\/v2\/posts"}],"about":[{"href":"https:\/\/mimieboutique.com\/index.php\/wp-json\/wp\/v2\/types\/post"}],"author":[{"embeddable":true,"href":"https:\/\/mimieboutique.com\/index.php\/wp-json\/wp\/v2\/users\/3"}],"replies":[{"embeddable":true,"href":"https:\/\/mimieboutique.com\/index.php\/wp-json\/wp\/v2\/comments?post=5040"}],"version-history":[{"count":8,"href":"https:\/\/mimieboutique.com\/index.php\/wp-json\/wp\/v2\/posts\/5040\/revisions"}],"predecessor-version":[{"id":5079,"href":"https:\/\/mimieboutique.com\/index.php\/wp-json\/wp\/v2\/posts\/5040\/revisions\/5079"}],"wp:featuredmedia":[{"embeddable":true,"href":"https:\/\/mimieboutique.com\/index.php\/wp-json\/wp\/v2\/media\/5048"}],"wp:attachment":[{"href":"https:\/\/mimieboutique.com\/index.php\/wp-json\/wp\/v2\/media?parent=5040"}],"wp:term":[{"taxonomy":"category","embeddable":true,"href":"https:\/\/mimieboutique.com\/index.php\/wp-json\/wp\/v2\/categories?post=5040"},{"taxonomy":"post_tag","embeddable":true,"href":"https:\/\/mimieboutique.com\/index.php\/wp-json\/wp\/v2\/tags?post=5040"}],"curies":[{"name":"wp","href":"https:\/\/api.w.org\/{rel}","templated":true}]}}